{"id":1116,"date":"2014-01-01T18:55:45","date_gmt":"2014-01-01T17:55:45","guid":{"rendered":"http:\/\/opdacia.org\/?p=1116"},"modified":"2014-01-01T18:58:59","modified_gmt":"2014-01-01T17:58:59","slug":"den-heliga-maria-guds-moder-och-kyrkans-moder","status":"publish","type":"post","link":"https:\/\/www.opdacia.org\/?p=1116","title":{"rendered":"Den heliga Maria \u2013 Guds Moder och Kyrkans Moder"},"content":{"rendered":"<p><em>1 januari 2014 \u2013 \u201dGuds heliga moder Maria\u201d och \u201dV\u00e4rldsdagen f\u00f6r fred\u201d,\u00a0<a title=\"Lenke til liturgiske tekster for 1. januar\" href=\"http:\/\/liturgi.info\/Jan01\"><b>Lukas 2: 16 \u2013 21<\/b><\/a><b><a href=\"http:\/\/dacia.katolsk.no\/wp-content\/uploads\/2014\/01\/Theotokos.jpg\"><img loading=\"lazy\" decoding=\"async\" class=\"alignleft size-full wp-image-1121\" alt=\"Theotokos\" src=\"http:\/\/dacia.katolsk.no\/wp-content\/uploads\/2014\/01\/Theotokos.jpg\" width=\"186\" height=\"272\" \/><\/a><\/b><\/em><\/p>\n<p>I dag den 1. januari firar vi den saliga jungfrun Maria som Gudaf\u00f6derska, \u201dTheotokos\u201d, Guds<b> <\/b>Moder. Med denna fest inbjuder oss Kyrkan att reflektera \u00f6ver det outgrundliga djup som hennes moderskap utg\u00f6r. Marias liv som Guds Moder, och Kyrkans Moder, \u00e4r f\u00f6r var och en av oss en v\u00e4g till fullkomning, en v\u00e4g som \u00e4r ett f\u00f6red\u00f6me i helighet.<\/p>\n<p>Det \u00e4r vid Beb\u00e5delsen som Maria blir den helige Andes brud och som hon genom sitt \u201dja\u201d blir Guds Moder. Hon tar emot Jesus i sitt inre. Det \u00e4r avlelsens \u00f6gonblick.<!--more--><\/p>\n<p>I Ein Kerem, n\u00e4r hon senare bes\u00f6ker sin sl\u00e4kting Elisabet i byn Ein Kerem, l\u00e5ter hon sitt moderskap v\u00e4xa i stillhet allt medan hon tj\u00e4nar andra. Maria b\u00e4r Jesus inom sig och hon lovar Gud: <i>Min sj\u00e4l prisar Herren<\/i>. Det \u00e4r en tid av lovs\u00e5ng och av v\u00e4ntan.<\/p>\n<p>I Betlehem, sedan hon mottagit och burit barnet, f\u00f6der Maria Guds Son. Maria ger v\u00e4rlden en Fr\u00e4lsare. Och det \u00e4r genom hennes moderskap som m\u00e4nniskan befrias. Det \u00e4r en tid av tillbedjan, av kontemplation, av v\u00f6rdnad och en tid av tacks\u00e4gelse.<\/p>\n<p>I Nasaret vakar Maria med hela sin moderliga k\u00e4rlek \u00f6ver Jesus. Hon tar hand om honom tillsammans med Josef. Och det \u00e4r genom denna Marias k\u00e4rlek och den uppm\u00e4rksamhet som hans adoptivfar ger honom, som barnet Jesus v\u00e4xer upp och blir starkare. Det \u00e4r en tid av uppv\u00e4xt och av mognad.<\/p>\n<p>I Kana visar oss Maria en annan sida av sitt moderskap. Med all sin kraft som moder lyckas hon \u00e4ndra sin Sons planer. Hon uppmuntrar Jesus att utf\u00f6ra sitt f\u00f6rsta verk tidigare \u00e4n f\u00f6rutsett. Och hon manar tj\u00e4narna <i>att g\u00f6ra allt det han s\u00e4ger till dem<\/i>. Det \u00e4r kraften i modern Marias f\u00f6rb\u00f6n till sin gudomlige Son.<\/p>\n<p>I Jerusalem kommer s\u00e5 Marias moderskap att anta en helt ny dimension vid korsets fot. Hennes hj\u00e4rta genomborras av lidande d\u00e5 hon ser sin Son korsf\u00e4st. Och vid sidan av sin Son \u00f6verl\u00e4mnar hon allt f\u00f6r v\u00e4rldens fr\u00e4lsning. Fadern ser denna k\u00e4rlek som modern Maria ger som sitt offer och knyter hennes hj\u00e4rta \u00e4nnu n\u00e4rmare Sonens hj\u00e4rta och hans vilja att fr\u00e4lsa m\u00e4nniskan till Guds \u00e4ra. Och det \u00e4r \u00f6gonblicket som Jesus v\u00e4ljer f\u00f6r att utstr\u00e4cka hennes moderskap till att omfatta alla m\u00e4nniskor. Han s\u00e4ger till Johannes: <i>D\u00e4r \u00e4r din mor<\/i>. Maria blir allas v\u00e5r moder.<\/p>\n<p>I himlen tr\u00e4der s\u00e5 Maria till slut in i Guds h\u00e4rlighet i sin Sons efterf\u00f6ljd med hela sitt moderskap. Och d\u00e4r b\u00e4r hon varje dag Sonens mystiska kropp som \u00e4r hans Kyrka i sina b\u00f6ner. Ja, man skulle kunna s\u00e4ga att hon i h\u00e4rligheten varje dag f\u00f6der denna kropp genom sin gudomlige Sons verk. S\u00e5 \u00e4r Maria verkligen Kyrkans Moder<b>,<\/b> vilket Paulus VI f\u00f6rklarade den 8 december 1965 d\u00e5 det Andra Vatikankonciliet avslutades.<\/p>\n<p>Till slut kommer vi in, f\u00f6r vi beh\u00f6ver inse att detta gudomliga moderskap ocks\u00e5 \u00e4r n\u00e5got som tillh\u00f6r oss. P\u00e5 ett helt annat s\u00e4tt \u00e4n Marias, visst. \u00a0Hon \u00e4r ledstj\u00e4rnan i v\u00e5ra liv. Men ocks\u00e5 vi beh\u00f6ver \u201df\u00f6da Kyrkan\u201d runt omkring oss d\u00e4r vi \u00e4r genom att b\u00e4ra fram Jesus till andra, genom att evangelisera. Det \u00e4r Jesus sj\u00e4lv som ber oss att g\u00f6ra det. Och han gjorde det i Kafarnaum n\u00e4r han sade: <i>Det h\u00e4r \u00e4r min mor och mina br\u00f6der. Den som g\u00f6r min himmelske Faders vilja \u00e4r min bror och syster och mor<\/i>.<\/p>\n<p>Men vi ska ocks\u00e5 komma ih\u00e5g att det i dag \u00e4r den katolska \u201dV\u00e4rlsdagen f\u00f6r fred\u201d. Dagen proklamerades f\u00f6rsta g\u00e5ngen av Paulus VI \u00e5r den 1 januari 1967. Sedan dess har det budskap som p\u00e5ven riktat till v\u00e4rlden varje \u00e5r vuxit i betydelse. F\u00f6r i \u00e5r har p\u00e5ve Franciskus valt temat: <i>Broderskap, grunden f\u00f6r och v\u00e4gen till fred<\/i>. I sitt budskap lyfter p\u00e5ven s\u00e4rskilt fram, att utan broderskap (gemenskap) \u00e4r det inte m\u00f6jligt att bygga ett r\u00e4ttvist samh\u00e4lle och en stark och varaktig fred. L\u00e5t oss d\u00e4rf\u00f6r sluta denna reflektion med b\u00f6nen som avslutar hans uppmaning:<\/p>\n<p><i>M\u00e5 Maria, Jesu Moder, hj\u00e4lpa oss att f\u00f6rst\u00e5 och varje dag leva det broderskap som spirar upp ur hennes Sons hj\u00e4rta, s\u00e5 att vi kan bringa fred till varje m\u00e4nniska p\u00e5 denna v\u00e5r \u00e4lskade v\u00e4rld.<\/i><\/p>\n<div id=\"attachment_1119\" style=\"width: 310px\" class=\"wp-caption alignleft\"><a href=\"http:\/\/dacia.katolsk.no\/wp-content\/uploads\/2014\/01\/Henrik-Alberius.jpg\"><img loading=\"lazy\" decoding=\"async\" aria-describedby=\"caption-attachment-1119\" class=\"size-medium wp-image-1119\" alt=\"Henrik Alberius OP, Lund\" src=\"http:\/\/dacia.katolsk.no\/wp-content\/uploads\/2014\/01\/Henrik-Alberius-300x281.jpg\" width=\"300\" height=\"281\" srcset=\"https:\/\/www.opdacia.org\/wp-content\/uploads\/2014\/01\/Henrik-Alberius-300x281.jpg 300w, https:\/\/www.opdacia.org\/wp-content\/uploads\/2014\/01\/Henrik-Alberius-319x300.jpg 319w, https:\/\/www.opdacia.org\/wp-content\/uploads\/2014\/01\/Henrik-Alberius.jpg 776w\" sizes=\"auto, (max-width: 300px) 100vw, 300px\" \/><\/a><p id=\"caption-attachment-1119\" class=\"wp-caption-text\">Henrik Alberius OP, Lund<\/p><\/div>\n<p><i>\u00a0<\/i><\/p>\n<p>&nbsp;<\/p>\n<p>&nbsp;<\/p>\n","protected":false},"excerpt":{"rendered":"<p>1 januari 2014 \u2013 \u201dGuds heliga moder Maria\u201d och \u201dV\u00e4rldsdagen f\u00f6r fred\u201d,\u00a0Lukas 2: 16 \u2013 21 I dag den 1. januari firar vi den saliga jungfrun Maria som Gudaf\u00f6derska, \u201dTheotokos\u201d, Guds Moder. Med denna fest inbjuder oss Kyrkan att reflektera &hellip; <a href=\"https:\/\/www.opdacia.org\/?p=1116\">Les videre <span class=\"meta-nav\">&rarr;<\/span><\/a><\/p>\n","protected":false},"author":3,"featured_media":0,"comment_status":"open","ping_status":"open","sticky":false,"template":"","format":"standard","meta":{"footnotes":"","_links_to":"","_links_to_target":""},"categories":[3],"tags":[],"class_list":["post-1116","post","type-post","status-publish","format-standard","hentry","category-prekener"],"_links":{"self":[{"href":"https:\/\/www.opdacia.org\/index.php?rest_route=\/wp\/v2\/posts\/1116","targetHints":{"allow":["GET"]}}],"collection":[{"href":"https:\/\/www.opdacia.org\/index.php?rest_route=\/wp\/v2\/posts"}],"about":[{"href":"https:\/\/www.opdacia.org\/index.php?rest_route=\/wp\/v2\/types\/post"}],"author":[{"embeddable":true,"href":"https:\/\/www.opdacia.org\/index.php?rest_route=\/wp\/v2\/users\/3"}],"replies":[{"embeddable":true,"href":"https:\/\/www.opdacia.org\/index.php?rest_route=%2Fwp%2Fv2%2Fcomments&post=1116"}],"version-history":[{"count":8,"href":"https:\/\/www.opdacia.org\/index.php?rest_route=\/wp\/v2\/posts\/1116\/revisions"}],"predecessor-version":[{"id":1124,"href":"https:\/\/www.opdacia.org\/index.php?rest_route=\/wp\/v2\/posts\/1116\/revisions\/1124"}],"wp:attachment":[{"href":"https:\/\/www.opdacia.org\/index.php?rest_route=%2Fwp%2Fv2%2Fmedia&parent=1116"}],"wp:term":[{"taxonomy":"category","embeddable":true,"href":"https:\/\/www.opdacia.org\/index.php?rest_route=%2Fwp%2Fv2%2Fcategories&post=1116"},{"taxonomy":"post_tag","embeddable":true,"href":"https:\/\/www.opdacia.org\/index.php?rest_route=%2Fwp%2Fv2%2Ftags&post=1116"}],"curies":[{"name":"wp","href":"https:\/\/api.w.org\/{rel}","templated":true}]}}