{"id":11546,"date":"2025-08-31T22:18:58","date_gmt":"2025-08-31T21:18:58","guid":{"rendered":"https:\/\/www.opdacia.org\/?p=11546"},"modified":"2025-09-01T21:34:42","modified_gmt":"2025-09-01T20:34:42","slug":"ny-bok-thomas-aquinas-hans-teologi-og-filosofi-pa-svensk-av-nordiske-forfattere","status":"publish","type":"post","link":"https:\/\/www.opdacia.org\/?p=11546","title":{"rendered":"Ny bok: Thomas Aquinas &#8211; hans teologi og filosofi, p\u00e5 svensk, av nordiske forfattere"},"content":{"rendered":"<div class=\"gmail_default\"><a href=\"http:\/\/www.opdacia.org\/wp-content\/uploads\/2025\/08\/Thomas-av-Aquino-en-introduktion-till-hans-teologi-och-filosofi-bokforside-scaled.jpg\"><img loading=\"lazy\" decoding=\"async\" class=\"alignleft wp-image-11547\" src=\"http:\/\/www.opdacia.org\/wp-content\/uploads\/2025\/08\/Thomas-av-Aquino-en-introduktion-till-hans-teologi-och-filosofi-bokforside-768x1024.jpg\" alt=\"\" width=\"267\" height=\"352\" \/><\/a>Bokutgivelsen er en begivenhet i Norden. Kardinal Anders Arborelius har kommentert den slik: &#8220;\u00c4ntligen en allsidig presentation av Thomas av Aquinos betydelse p\u00e5 svenska. I en tid av polarisering och fake news beh\u00f6vs hans milda vishet och kristosentriska <wbr \/>sanningslidelse mer \u00e4n n\u00e5gonsin.&#8221;<\/div>\n<div class=\"gmail_default\"><\/div>\n<div class=\"gmail_default\">Denne viktige boken best\u00e5r av en samling artikler skrevet av 13 nordiske forfattere, blant dem redakt\u00f8rene Clemens Cavallin, Stefan Lindholm, Mikael Schlink S.J. og Mats Wahlberg.<\/div>\n<div><\/div>\n<div class=\"gmail_default\">Boken er blitt til gjennom diskusjoner og <a href=\"https:\/\/www.youtube.com\/playlist?list=PLfRnJcVgM5YuezyO2N4OYRPj2vaGGvA8v\">seminarer<\/a> i &#8220;Det skandinaviska thomistiska seminariet&#8221;, som ble startet av Mats Wahlberg og Clemens Cavallin i 2019. M\u00e5let med boken er if\u00f8lge forordet \u00e5 &#8220;ge en introduktion p\u00e5 svenska till Thomas av Aquinos teologi och filosofi samt visa p\u00e5 relevansen av hans t\u00e4nkande i ett samtidsperspektiv&#8221;.<\/div>\n<div><\/div>\n<div class=\"gmail_default\"><\/div>\n<div class=\"gmail_default\">Kapitlene og forfatterne er:<\/div>\n<div class=\"gmail_default\"><em>Thomas liv och v\u00e4rld<\/em>\u00a0&#8211; Denis M. Searby (Stockholms Universitet)<\/div>\n<div class=\"gmail_default\"><em>Bibeltolkning<\/em> &#8211; Jacob Astudillo (Ume\u00e5 Universitet)<\/div>\n<div class=\"gmail_default\"><em>Metafysik<\/em>\u00a0&#8211; Erik \u00c5kerlund (Newmaninstitutet i Uppsala)<\/div>\n<div class=\"gmail_default\"><em>Analogi<\/em> &#8211; Christoffer Skogholt (Uppsala universitet) og Erik \u00c5kerlund<\/div>\n<div class=\"gmail_default\"><em>Guds existens<\/em> &#8211; Mats Wahlberg (Ume\u00e5 Universitet)<\/div>\n<div class=\"gmail_default\"><em>Guds natur<\/em> &#8211; Stefan Lindholm (Johannelunds teologiska h\u00f6gskola)<\/div>\n<div class=\"gmail_default\"><em>Treenigheten<\/em> &#8211; Mats Wahlberg<\/div>\n<div class=\"gmail_default\"><em>M\u00e4nskligt handlande<\/em>\u00a0&#8211; \u00c5ke Wahlberg (Sankt Georgen School of Philosophy and Theology, Frankfurt)<\/div>\n<div class=\"gmail_default\"><em>Dygd<\/em> &#8211; \u00c5ke Wahlberg<\/div>\n<div class=\"gmail_default\"><em>Religion<\/em> &#8211; Clemens Cavallin (NLA H\u00f8gskolen i Bergen)<\/div>\n<div class=\"gmail_default\"><em>N\u00e5d<\/em>\u00a0&#8211; Oskari Juurikkala (University of the Holy Cross, Roma)<\/div>\n<div class=\"gmail_default\"><em>De teologiska dygderna<\/em>\u00a0&#8211; Oskari Juurikkala<\/div>\n<div class=\"gmail_default\"><em>Kontemplation<\/em> &#8211; Katarina Gustavsson O.P. (Lunden kloster, Oslo) og Clemens Cavallin<\/div>\n<div class=\"gmail_default\"><em>Sk\u00f6nhet<\/em> &#8211; St\u00e5le Johannes Kristiansen (NLA H\u00f8gskolen i Bergen)<\/div>\n<div class=\"gmail_default\"><em>Inkarnationen<\/em> &#8211; Stefan Lindholm<\/div>\n<div class=\"gmail_default\"><em>Fr\u00e4lsning<\/em> &#8211; Mikael Schlink S.J.(Universitetet i Fribourg, Sveits)<\/div>\n<div class=\"gmail_default\"><em>Sakrament<\/em> &#8211; Kjetil Kringlebotten (prest i Den norske kirke)<\/div>\n<div class=\"gmail_default\"><\/div>\n<div class=\"gmail_default\">Boken anbefales varmt. Den er utgitt p\u00e5 Artos &amp; Norma bokf\u00f6rlag, og kan bestilles fra <a href=\"https:\/\/artos.se\/bok\/thomas-av-aquino-en-introduktion-till-hans-teologi-och-filosofi\/\">forlaget<\/a>, fra nettbokhandler som <a href=\"https:\/\/www.adlibris.com\/nb\/bok\/thomas-av-aquino-en-introduktion-till-hans-teologi-och-filosofi-9789177773023\">Adlibris<\/a> eller fra en bokhandel n\u00e6r deg.<\/div>\n","protected":false},"excerpt":{"rendered":"<p>Bokutgivelsen er en begivenhet i Norden. Kardinal Anders Arborelius har kommentert den slik: &#8220;\u00c4ntligen en allsidig presentation av Thomas av Aquinos betydelse p\u00e5 svenska. I en tid av polarisering och fake news beh\u00f6vs hans milda vishet och kristosentriska sanningslidelse mer &hellip; <a href=\"https:\/\/www.opdacia.org\/?p=11546\">Les videre <span class=\"meta-nav\">&rarr;<\/span><\/a><\/p>\n","protected":false},"author":3,"featured_media":0,"comment_status":"open","ping_status":"open","sticky":false,"template":"","format":"standard","meta":{"footnotes":"","_links_to":"","_links_to_target":""},"categories":[39],"tags":[],"class_list":["post-11546","post","type-post","status-publish","format-standard","hentry","category-aktuelt"],"_links":{"self":[{"href":"https:\/\/www.opdacia.org\/index.php?rest_route=\/wp\/v2\/posts\/11546","targetHints":{"allow":["GET"]}}],"collection":[{"href":"https:\/\/www.opdacia.org\/index.php?rest_route=\/wp\/v2\/posts"}],"about":[{"href":"https:\/\/www.opdacia.org\/index.php?rest_route=\/wp\/v2\/types\/post"}],"author":[{"embeddable":true,"href":"https:\/\/www.opdacia.org\/index.php?rest_route=\/wp\/v2\/users\/3"}],"replies":[{"embeddable":true,"href":"https:\/\/www.opdacia.org\/index.php?rest_route=%2Fwp%2Fv2%2Fcomments&post=11546"}],"version-history":[{"count":4,"href":"https:\/\/www.opdacia.org\/index.php?rest_route=\/wp\/v2\/posts\/11546\/revisions"}],"predecessor-version":[{"id":11551,"href":"https:\/\/www.opdacia.org\/index.php?rest_route=\/wp\/v2\/posts\/11546\/revisions\/11551"}],"wp:attachment":[{"href":"https:\/\/www.opdacia.org\/index.php?rest_route=%2Fwp%2Fv2%2Fmedia&parent=11546"}],"wp:term":[{"taxonomy":"category","embeddable":true,"href":"https:\/\/www.opdacia.org\/index.php?rest_route=%2Fwp%2Fv2%2Fcategories&post=11546"},{"taxonomy":"post_tag","embeddable":true,"href":"https:\/\/www.opdacia.org\/index.php?rest_route=%2Fwp%2Fv2%2Ftags&post=11546"}],"curies":[{"name":"wp","href":"https:\/\/api.w.org\/{rel}","templated":true}]}}