{"id":1430,"date":"2014-05-29T06:00:04","date_gmt":"2014-05-29T05:00:04","guid":{"rendered":"http:\/\/opdacia.org\/?p=1430"},"modified":"2014-05-27T20:18:21","modified_gmt":"2014-05-27T19:18:21","slug":"jag-ar-med-er-alla-dagar-till-tidens-slut","status":"publish","type":"post","link":"https:\/\/www.opdacia.org\/?p=1430","title":{"rendered":"Jag \u00e4r med er alla dagar till tidens slut"},"content":{"rendered":"<p><a title=\"Lenke til liturgiske tekster for Kristi himmelfart\" href=\"http:\/\/liturgi.info\/P64a\">Kristi himmelfart, \u00e5r A<\/a><\/p>\n<p><a href=\"http:\/\/dacia.katolsk.no\/wp-content\/uploads\/2014\/05\/Ascension.jpg\"><img loading=\"lazy\" decoding=\"async\" class=\"alignright size-medium wp-image-1433\" alt=\"Ascension\" src=\"http:\/\/dacia.katolsk.no\/wp-content\/uploads\/2014\/05\/Ascension-277x300.jpg\" width=\"277\" height=\"300\" srcset=\"https:\/\/www.opdacia.org\/wp-content\/uploads\/2014\/05\/Ascension-277x300.jpg 277w, https:\/\/www.opdacia.org\/wp-content\/uploads\/2014\/05\/Ascension-947x1024.jpg 947w, https:\/\/www.opdacia.org\/wp-content\/uploads\/2014\/05\/Ascension.jpg 1500w\" sizes=\"auto, (max-width: 277px) 100vw, 277px\" \/><\/a>I dag h\u00f6r vi slutet p\u00e5 Matteus evangeliet, \u00e4r en kort och lite f\u00f6rbryllande ber\u00e4ttelse! L\u00e4rjungarna som alla flytt, n\u00e4r Jesus f\u00e4ngslades och \u00e4nnu inte sett den Uppst\u00e5ndne, beger sig nu till Galileen. De g\u00f6r det p\u00e5 kvinnornas uppmaning. Kvinnorna har sett Herren och f\u00e5tt ett uppdrag av honom: \u201dG\u00e5 och s\u00e4g \u00e5t mina br\u00f6der att bege sig till Galileen. D\u00e4r skall de f\u00e5 se mig.\u201d<\/p>\n<p>De g\u00e5r till Galileen, d\u00e4r allting b\u00f6rjade. D\u00e4r de tr\u00e4ffade Herren och kallades till att f\u00f6lja honom. D\u00e4r de delade vardagslivet med honom, f\u00f6ljde honom p\u00e5 hans missionsresor, s\u00e5g hur han helade m\u00e4nniskor\u2026 D\u00e4r, p\u00e5 ett berg h\u00f6rde de hans undervisning om saligprisningarna, de s\u00e5g honom f\u00f6rklarat\u2026<!--more--><\/p>\n<p>D\u00e4r ser de nu honom men det \u00e4r inte som f\u00f6rr! De faller ner inf\u00f6r honom och hyllar honom men \u201dn\u00e5gra tvivlade\u201d, skriver Matteus.<\/p>\n<p>\u201dD\u00e5 gick Jesus fram till dem och talade till dem\u201d. Jesus g\u00e5r fram till dem som tvivlar, han talar till dem. Jesus \u00e4r inte i det f\u00f6rflutna, i det som har varit. Han kommer framifr\u00e5n, fr\u00e5n framtiden. Han m\u00f6ter dem d\u00e4r de befinner sig.<\/p>\n<p>Till de elva, de som tror och de som \u00e4r inst\u00e4ngda i sina tvivel, s\u00e4ger han: \u201d\u00c5t mig har getts all makt i himlen och p\u00e5 jorden. G\u00e5 d\u00e4rf\u00f6r ut och g\u00f6r alla folk till l\u00e4rjungar: d\u00f6p dem i Faderns och Sonens och den heliga Andens namn och l\u00e4r dem att h\u00e5lla alla de bud jag har gett er. Och jag \u00e4r med er alla dagar till tidens slut.\u201d<\/p>\n<p>Jesus f\u00f6rebr\u00e5r dem inte deras otro, f\u00f6rs\u00f6ker inte \u00f6vertyga dem. Han ger dem en befallning och han s\u00e4nder dem.<\/p>\n<p>\u201d\u00c5t mig\u2026\u201d s\u00e4ger han. De ska lyfta blicken, se p\u00e5 honom, den uppst\u00e5ndne som Gud har upph\u00f6jd \u00f6ver allting.\u00a0 Han har nu f\u00e5tt all makt i himlen och p\u00e5 jorden, allts\u00e5 inte bara makt \u00f6ver jorden, som dj\u00e4vulen lovat honom om han tillbad honom (Matt 4:8-10)!<\/p>\n<p>\u201dG\u00e5 d\u00e4rf\u00f6r ut\u201d. De ska g\u00e5 ut inte i egen kraft, utan f\u00f6r att han, som har f\u00e5tt fullmakten av Fadern, s\u00e4nder dem. De ska g\u00f6ra alla folk till l\u00e4rjungar. Matteus anv\u00e4nder inte ordet apostlar. De \u00e4r l\u00e4rjungar sj\u00e4lva, det vill s\u00e4ga de som fortfarande l\u00e4r sig, de som st\u00e5r under ordet. De ska inte b\u00e4ra ut ordet som om de \u00e4gde det, var herrar \u00f6ver det. De ska st\u00e4ndigt p\u00e5 nytt h\u00f6ra och h\u00f6rsammar det.<\/p>\n<p>Deras uppdrag grundas i Jesu fullmakt och g\u00e4ller alla folk. Intressant h\u00e4r \u00e4r att notera hur Matteus knyter an till den sista versen i den hebreiska bibeln.<\/p>\n<p>\u201dS\u00e5 s\u00e4ger Kyros, konung av Persien: Alla jordens riken har Herren, himlens Gud, givit mig, och han har \u00e5lagt mig att bygga ett hus \u00e5t honom i Jerusalem i Juda. De av er som tillh\u00f6r hans folk \u2013 m\u00e5 er Gud vara med er \u2013 skall bege sig \u2026 (2 Kr\u00f6n 36:23)<\/p>\n<p>Versen \u00e4r oavsluten. Jesus leder nu historien till dess fullbordan. Kyros uppdrag g\u00e4llde bara de som tillh\u00f6rde Guds folk. Nu str\u00e4cker sig uppdraget till alla folk, \u00f6ver hela jorden. Alla tillh\u00f6r Gud. Alla ska bli till l\u00e4rjungar, d\u00f6pas i Faderns och Sonens och den helige Andens namn och undervisas till att h\u00e5lla alla bud de har f\u00e5tt, allts\u00e5 oms\u00e4tta i sina liv det de har h\u00f6rt. Det r\u00e4cker inte med att h\u00f6ra det glada budskapet och ta emot dopet, man m\u00e5ste st\u00e4ndigt omv\u00e4nda sitt liv, leva i sitt dop.<\/p>\n<p>\u201dJag \u00e4r med er alla dagar till tidens slut\u201d, s\u00e4ger Jesus som fullbordat sitt uppdrag p\u00e5 jorden och sitter nu p\u00e5 Faderns h\u00f6gra sida. Jesus \u00e4r Immanuel, Gud med oss. Han har kommit till jorden, levt ett m\u00e4nniskoliv f\u00f6r att uppenbara f\u00f6r oss att Gud \u00e4r n\u00e4ra, att Gud \u00e4r med oss hela tiden, fr\u00e5n b\u00f6rjan till slut. \u201dJag \u00e4r med dig\u201d \u00e4r l\u00f6ftet som Mose f\u00e5r. \u201dHerren \u00e4r med dig\u201d, s\u00e4ger \u00e4ngeln Gabriel till Maria.<\/p>\n<p>Jag \u00e4r med dig, med er, \u00e4r det glada budskapet vi h\u00f6r idag n\u00e4r Jesus till synes l\u00e4mnar oss och far upp till himlen. Han, som har f\u00e5tt all makt, \u00e4r med oss. Han har segrat \u00f6ver v\u00e5rt motst\u00e5nd, \u00f6ver v\u00e5ra tvivel, han \u00f6ppnar framtiden f\u00f6r oss. Han m\u00f6ter oss framifr\u00e5n och vill l\u00e5ta sitt ljus belysa det f\u00f6rg\u00e5ngna. Hela oss fr\u00e5n v\u00e5rt svek och v\u00e5rt tvivel, dra oss in fr\u00e5n v\u00e5rt m\u00f6rker till sitt ljus, fr\u00e5n v\u00e5r inst\u00e4ngdhet till en ny frihet. Han \u00f6ppnar f\u00f6r oss och f\u00f6r hela v\u00e5r v\u00e4rld en ny v\u00e4g, han ger oss en framtid, han leder oss till Fadern.<\/p>\n<div id=\"attachment_998\" style=\"width: 310px\" class=\"wp-caption alignleft\"><a href=\"http:\/\/dacia.katolsk.no\/wp-content\/uploads\/2013\/11\/Syster-Veronika-OP.jpg\"><img loading=\"lazy\" decoding=\"async\" aria-describedby=\"caption-attachment-998\" class=\"size-medium wp-image-998\" alt=\"Syster Veronica OP, Sankt Davidsg\u00e5rden, R\u00e4ttvik, Sverige\" src=\"http:\/\/dacia.katolsk.no\/wp-content\/uploads\/2013\/11\/Syster-Veronika-OP-300x250.jpg\" width=\"300\" height=\"250\" srcset=\"https:\/\/www.opdacia.org\/wp-content\/uploads\/2013\/11\/Syster-Veronika-OP-300x250.jpg 300w, https:\/\/www.opdacia.org\/wp-content\/uploads\/2013\/11\/Syster-Veronika-OP-1024x855.jpg 1024w, https:\/\/www.opdacia.org\/wp-content\/uploads\/2013\/11\/Syster-Veronika-OP-358x300.jpg 358w, https:\/\/www.opdacia.org\/wp-content\/uploads\/2013\/11\/Syster-Veronika-OP.jpg 1504w\" sizes=\"auto, (max-width: 300px) 100vw, 300px\" \/><\/a><p id=\"caption-attachment-998\" class=\"wp-caption-text\">Syster Veronica OP,<br \/>Sankt Davidsg\u00e5rden,<br \/>R\u00e4ttvik, Sverige<\/p><\/div>\n","protected":false},"excerpt":{"rendered":"<p>Kristi himmelfart, \u00e5r A I dag h\u00f6r vi slutet p\u00e5 Matteus evangeliet, \u00e4r en kort och lite f\u00f6rbryllande ber\u00e4ttelse! L\u00e4rjungarna som alla flytt, n\u00e4r Jesus f\u00e4ngslades och \u00e4nnu inte sett den Uppst\u00e5ndne, beger sig nu till Galileen. De g\u00f6r det &hellip; <a href=\"https:\/\/www.opdacia.org\/?p=1430\">Les videre <span class=\"meta-nav\">&rarr;<\/span><\/a><\/p>\n","protected":false},"author":3,"featured_media":0,"comment_status":"open","ping_status":"open","sticky":false,"template":"","format":"standard","meta":{"footnotes":"","_links_to":"","_links_to_target":""},"categories":[8],"tags":[],"class_list":["post-1430","post","type-post","status-publish","format-standard","hentry","category-prekener-ar-a"],"_links":{"self":[{"href":"https:\/\/www.opdacia.org\/index.php?rest_route=\/wp\/v2\/posts\/1430","targetHints":{"allow":["GET"]}}],"collection":[{"href":"https:\/\/www.opdacia.org\/index.php?rest_route=\/wp\/v2\/posts"}],"about":[{"href":"https:\/\/www.opdacia.org\/index.php?rest_route=\/wp\/v2\/types\/post"}],"author":[{"embeddable":true,"href":"https:\/\/www.opdacia.org\/index.php?rest_route=\/wp\/v2\/users\/3"}],"replies":[{"embeddable":true,"href":"https:\/\/www.opdacia.org\/index.php?rest_route=%2Fwp%2Fv2%2Fcomments&post=1430"}],"version-history":[{"count":4,"href":"https:\/\/www.opdacia.org\/index.php?rest_route=\/wp\/v2\/posts\/1430\/revisions"}],"predecessor-version":[{"id":1436,"href":"https:\/\/www.opdacia.org\/index.php?rest_route=\/wp\/v2\/posts\/1430\/revisions\/1436"}],"wp:attachment":[{"href":"https:\/\/www.opdacia.org\/index.php?rest_route=%2Fwp%2Fv2%2Fmedia&parent=1430"}],"wp:term":[{"taxonomy":"category","embeddable":true,"href":"https:\/\/www.opdacia.org\/index.php?rest_route=%2Fwp%2Fv2%2Fcategories&post=1430"},{"taxonomy":"post_tag","embeddable":true,"href":"https:\/\/www.opdacia.org\/index.php?rest_route=%2Fwp%2Fv2%2Ftags&post=1430"}],"curies":[{"name":"wp","href":"https:\/\/api.w.org\/{rel}","templated":true}]}}