{"id":1518,"date":"2014-08-17T04:00:53","date_gmt":"2014-08-17T03:00:53","guid":{"rendered":"http:\/\/opdacia.org\/?p=1518"},"modified":"2014-07-05T16:16:15","modified_gmt":"2014-07-05T15:16:15","slug":"i-dominikus-fotspor-vii-dominikus-verk","status":"publish","type":"post","link":"https:\/\/www.opdacia.org\/?p=1518","title":{"rendered":"I Dominikus&#8217; fotspor VII &#8211; Dominikus&#8217; verk"},"content":{"rendered":"<h1>Helligk\u00e5ring og utbredelse<\/h1>\n<div id=\"attachment_1605\" style=\"width: 204px\" class=\"wp-caption alignleft\"><a href=\"http:\/\/dacia.katolsk.no\/wp-content\/uploads\/2014\/07\/church-bologna.jpg\"><img loading=\"lazy\" decoding=\"async\" aria-describedby=\"caption-attachment-1605\" class=\"size-full wp-image-1605\" alt=\"Den &quot;nye kirken&quot; i Bologna hvor St. Dominikus n\u00e5 er gravlagt\" src=\"http:\/\/dacia.katolsk.no\/wp-content\/uploads\/2014\/07\/church-bologna.jpg\" width=\"194\" height=\"259\" \/><\/a><p id=\"caption-attachment-1605\" class=\"wp-caption-text\">Den &#8220;nye kirken&#8221; i Bologna hvor St. Dominikus n\u00e5 er gravlagt<\/p><\/div>\n<p>Etter Dominikus\u2019 d\u00f8d var br\u00f8drene mer omhyggelige med hans b\u00f8nner og arbeidet han hadde inspirert enn med noen kult, og de brydde seg lite om hans relikvier. Gravm\u00e6let de bygde, var beskjedent. Det ble liggende i friluft da arbeidet med en ny kirke i Bologna startet i 1228. Pave Gregor IX ga sin tillatelse til den h\u00f8ytidelige overf\u00f8ringen av Dominikus\u2019 levninger til den nye kirken i 1233, og det oppsto en folkelig kult. Det skal ha skjedd mange undre ved hans grav. Han ble helligk\u00e5ret den 3. juli 1234 av sin venn pave Gregor IX, som i 1228 ogs\u00e5 hadde helligk\u00e5ret Frans. I en bulle datert i Spoleto den 13. juli 1324 gjorde paven Dominikus\u2019 kult obligatorisk for hele Kirken. Dominikus\u2019 bror Mannes grunnla en kirke til helgenes \u00e6re i hans f\u00f8dehus. Kulten bredte seg med dominikanerordenens utbredelse. Dominikus er skytshelgen for dominikanerne og mot feber, som han selv led av. Han er ogs\u00e5 skytshelgen for Bologna og for astronomer.<!--more--><\/p>\n<p>Dominikanerne ble ved siden av fransiskanerne den mektigste orden i middelalderen, og ble en skapende faktor i senmiddelalderens religi\u00f8se og intellektuelle liv. Dominikus\u2019 formel med l\u00e6rde prekener og en monastisk bakgrunn forente det intellektuelle med det hverdagslige og oppfylte et akutt f\u00f8lt behov i middelalderens kirke. Dominikus etterlot seg ikke skrifter av betydning, men en organisasjonsform som i hovedsak er bevart til i dag. Med tiden skulle arbeidet til de hellige Albert den Store og Thomas Aquinas representere fullf\u00f8relsen av Dominikus\u2019 ideer.<\/p>\n<p>Alle vitneutsagn g\u00e5r ut p\u00e5 at Dominikus var en vidsynt mann med en bemerkelsesverdig tiltalende karakter. Han hadde den dypeste medynk med enhver form for menneskelig lidelse, og som student i Palencia skal han ha solgt sine b\u00f8ker, det mest verdifulle han eide, og ga pengene til de fattige en gang det br\u00f8t ut hungersn\u00f8d. Han s\u00e5 det n\u00f8dvendige i \u00e5 bruke alle forr\u00e5d av menneskelig l\u00e6rdom i Kristi tjeneste. Hans faste lektyre var Matteusevangeliet, Paulus\u2019 brev og den hellige Johannes Kassians \u00abKonferanser\u00bb. Hans prekener mot albigenserne synes riktignok \u00e5 ha hatt bare begrenset suksess, men hans orden skulle bli en pioner i misjonsarbeidet i Asia, og (mye senere) i Amerika. I middelalderen f\u00f8rte ordenens sterke teologiske spesialisering til at den fikk ansvaret for Inkvisisjonen. I nyere tid har den hatt fremragende historikere, eksegeter og teologer.<\/p>\n<div id=\"attachment_1608\" style=\"width: 235px\" class=\"wp-caption alignright\"><a href=\"http:\/\/dacia.katolsk.no\/wp-content\/uploads\/2014\/07\/Dominic-tomb.jpg\"><img loading=\"lazy\" decoding=\"async\" aria-describedby=\"caption-attachment-1608\" class=\"size-medium wp-image-1608\" alt=\"St Dominikus' grav\" src=\"http:\/\/dacia.katolsk.no\/wp-content\/uploads\/2014\/07\/Dominic-tomb-225x300.jpg\" width=\"225\" height=\"300\" srcset=\"https:\/\/www.opdacia.org\/wp-content\/uploads\/2014\/07\/Dominic-tomb-225x300.jpg 225w, https:\/\/www.opdacia.org\/wp-content\/uploads\/2014\/07\/Dominic-tomb-768x1024.jpg 768w, https:\/\/www.opdacia.org\/wp-content\/uploads\/2014\/07\/Dominic-tomb.jpg 1536w\" sizes=\"auto, (max-width: 225px) 100vw, 225px\" \/><\/a><p id=\"caption-attachment-1608\" class=\"wp-caption-text\">St Dominikus&#8217; grav<\/p><\/div>\n<p>Dominikus\u2019 gravm\u00e6le,\u00a0<em>Arca di San Domenico<\/em>, befinner seg i et av sidekapellene p\u00e5 h\u00f8yre side i kirken San Domenico i Bologna. Det ble reist rundt 1265 av den ber\u00f8mte billedhuggeren Niccol\u00f2 Pisano, og to \u00e5rhundrer senere ble det utsmykket av den ikke mindre kjente kunstneren Niccol\u00f2 dell\u2019Arca. Noen sm\u00e5 figurer, blant annet en knelende engel og helgenene Proculus og Petronius, er tidlige arbeider av Michelangelo. Dominikus\u2019 hode befinner seg i et eget relikvar som ble laget av Jacopo Roseto i 1383. I motsetning til den enorme tilstr\u00f8mningen til Assisi og Frans\u2019 grav, er det nesten ingen valfart til Dominikus\u2019 grav.<\/p>\n<p>Et mindre overd\u00e5dig og mer autentisk minnesmerke er det eldste portrettet av Dominikus, utf\u00f8rt av en anonym primitiv kunstner fra Siena, som n\u00e5 befinner seg i Fogg Art Museum i Harvard University. Den salige dominikanermunken og kunstneren Fra Angelico har ogs\u00e5 malt scener fra hans liv i Fiesole og Firenze, hvor fremstillingen av helgenen er n\u00e6rt basert p\u00e5 gravskulpturen i Bologna. Dominikus fremstilles oftest som predikant, og hans attributter i kunsten er bok som st\u00e5r for l\u00e6rdom, lilje for kyskhet eller spurv for fattigdom. Andre attributter er stein, stav eller en stjerne over panne eller bryst.<\/p>\n<div id=\"attachment_1609\" style=\"width: 266px\" class=\"wp-caption alignleft\"><a href=\"http:\/\/dacia.katolsk.no\/wp-content\/uploads\/2014\/07\/OP-treet.jpg\"><img loading=\"lazy\" decoding=\"async\" aria-describedby=\"caption-attachment-1609\" class=\"size-medium wp-image-1609\" alt=\"Dominikus' verk\" src=\"http:\/\/dacia.katolsk.no\/wp-content\/uploads\/2014\/07\/OP-treet-256x300.jpg\" width=\"256\" height=\"300\" srcset=\"https:\/\/www.opdacia.org\/wp-content\/uploads\/2014\/07\/OP-treet-256x300.jpg 256w, https:\/\/www.opdacia.org\/wp-content\/uploads\/2014\/07\/OP-treet.jpg 727w\" sizes=\"auto, (max-width: 256px) 100vw, 256px\" \/><\/a><p id=\"caption-attachment-1609\" class=\"wp-caption-text\">Dominikus&#8217; verk<\/p><\/div>\n<p>Senere artister avbildet Dominikus med en rosenkrans, ofte mens han mottar den av Jomfru Maria, ettersom han feilaktig ble trodd \u00e5 ha innf\u00f8rt rosenkransb\u00f8nnen. Opprinnelsen til rosenkransen er ukjent, muligens kom den til kristendommen fra islam. Alan de Rupe, en dominikaner p\u00e5 1400-tallet, grunnla et broderskap for V\u00e5r Frue og St. Dominikus i Douai i Frankrike, og \u00e5 be rosenkransb\u00f8nnen ble en betingelse for medlemskap. Det samme gjorde Jakob Weyts, prior for klosteret i Haarlem i Nederland, hvor det f\u00f8rste Rosenkransbrorskapet ble startet i 1478, og dominikanerprioren i K\u00f6ln, Jakob Sprenger, som etablerte et brorskap i Roma. Pave Sixtus IV ga spesiell avlat til alle som praktiserte denne fromheten. I l\u00f8pet av f\u00e5 \u00e5r styrket hundrevis av lignende brorskap rosenkransens assosiasjon til dominikanerordenen. Den hellige dominikanerpaven\u00a0<a href=\"http:\/\/www.katolsk.no\/biografi\/pius5.htm\">Pius V<\/a>\u00a0etablerte Rosenkransfesten for \u00e5 minnes dens antatte betydning ved slaget i Lepanto i 1570.<\/p>\n<p>Dominikus avbildes ogs\u00e5 ofte med en liten svart og hvit hund ved f\u00f8ttene, gjerne med en fakkel i munnen. Dette skyldes morens dr\u00f8m da hun var gravid med ham. Denne hunden ble et symbol for Dominikanerordenen, og i senere tider ga det opphavet til det ber\u00f8mte ordspillet p\u00e5 ordensgrunnleggerens navn,\u00a0<em>Domini canes<\/em>, \u00abHerrens vakthunder\u00bb. Fakkelen er et symbol p\u00e5 Sannheten. En annen av de mange legendene om Dominikus\u2019 barndom sier at hans gudmor (alternativt Johanna) hadde en annen dr\u00f8m, hvor barnet hadde en skinnende stjerne i pannen som lyste opp verden. Derfor opptrer en stjerne i mange avbildninger av Dominikus. Derfor er et annet av dominikanernes symboler en stjerne.<\/p>\n<div id=\"attachment_1617\" style=\"width: 310px\" class=\"wp-caption alignright\"><a href=\"http:\/\/dacia.katolsk.no\/wp-content\/uploads\/2014\/08\/OP-generalkapittel-Roma-II.jpg\"><img loading=\"lazy\" decoding=\"async\" aria-describedby=\"caption-attachment-1617\" class=\"size-medium wp-image-1617\" alt=\"OP-feiring i Santa Sabina\" src=\"http:\/\/dacia.katolsk.no\/wp-content\/uploads\/2014\/08\/OP-generalkapittel-Roma-II-300x180.jpg\" width=\"300\" height=\"180\" srcset=\"https:\/\/www.opdacia.org\/wp-content\/uploads\/2014\/08\/OP-generalkapittel-Roma-II-300x180.jpg 300w, https:\/\/www.opdacia.org\/wp-content\/uploads\/2014\/08\/OP-generalkapittel-Roma-II-500x300.jpg 500w, https:\/\/www.opdacia.org\/wp-content\/uploads\/2014\/08\/OP-generalkapittel-Roma-II.jpg 640w\" sizes=\"auto, (max-width: 300px) 100vw, 300px\" \/><\/a><p id=\"caption-attachment-1617\" class=\"wp-caption-text\">OP-feiring i Santa Sabina<\/p><\/div>\n<p>Dominikanernes ordensdrakt er en hvit tunika med en svart kutte med hette over, og derfor ble de i Norden kalt \u00absortebr\u00f8drene\u00bb og i England \u00abBlack friars\u00bb. Mange store kulturpersonligheter har tilh\u00f8rt ordenen, som de hellige\u00a0<a href=\"http:\/\/www.katolsk.no\/biografi\/albertst.htm\">Albert den Store<\/a>,\u00a0<a href=\"http:\/\/www.katolsk.no\/biografi\/taquinas.htm\">Thomas Aquinas<\/a>,\u00a0<a href=\"http:\/\/www.katolsk.no\/biografi\/katsiena.htm\">Katarina av Siena<\/a>,\u00a0<a href=\"http:\/\/www.katolsk.no\/biografi\/ffiesole.htm\">Fra Angelico<\/a>,\u00a0<a href=\"http:\/\/www.katolsk.no\/biografi\/hseuse.htm\">Henrik Suso<\/a>\u00a0og\u00a0<a href=\"http:\/\/www.katolsk.no\/biografi\/pverona.htm\">Peter av Verona<\/a>. Men den har ogs\u00e5 fostret Torquemada, storinkvisitoren, og den asketiske reformatoren Savonarola, som ble brent p\u00e5 b\u00e5let. Dominikanerne ledes av Generalmagisteren i Roma, som n\u00e5 velges for tolv \u00e5r. Hvert kloster velger selv sin prior. I dag har ordenen rundt 6\u00a0600 br\u00f8dre i 51 provinser, 38\u00a0000 kontemplative og apostoliske nonner i 150 kongregasjoner, 4\u00a0400 klausurerte nonner i 250 klostre og 70\u00a0000 lege medlemmer i sytti brorskap. Ordenen kom tilbake til Norge etter reformasjonen i 1921.<\/p>\n<div id=\"attachment_1618\" style=\"width: 310px\" class=\"wp-caption alignleft\"><a href=\"http:\/\/dacia.katolsk.no\/wp-content\/uploads\/2014\/08\/OP-generalkapittel-Roma-I.jpg\"><img loading=\"lazy\" decoding=\"async\" aria-describedby=\"caption-attachment-1618\" class=\"size-medium wp-image-1618\" alt=\"OP-feiring i Santa Sabina\" src=\"http:\/\/dacia.katolsk.no\/wp-content\/uploads\/2014\/08\/OP-generalkapittel-Roma-I-300x225.jpg\" width=\"300\" height=\"225\" srcset=\"https:\/\/www.opdacia.org\/wp-content\/uploads\/2014\/08\/OP-generalkapittel-Roma-I-300x225.jpg 300w, https:\/\/www.opdacia.org\/wp-content\/uploads\/2014\/08\/OP-generalkapittel-Roma-I-400x300.jpg 400w, https:\/\/www.opdacia.org\/wp-content\/uploads\/2014\/08\/OP-generalkapittel-Roma-I.jpg 640w\" sizes=\"auto, (max-width: 300px) 100vw, 300px\" \/><\/a><p id=\"caption-attachment-1618\" class=\"wp-caption-text\">OP-feiring i Santa Sabina<\/p><\/div>\n<p>Dominikus ble til midten av 1500-tallet minnet den 5. august (d\u00f8dsdagen 6. august er opptatt av Herrens forklarelse). Deretter ble han i 400 \u00e5r minnet den 4. august, men fra 1972 minnes han den 8. august, da 4. august er d\u00f8dsdagen for den hellige Johannes Maria Vianney. I Bologna minnes Dominikus fortsatt med pavelig dispensasjon den 4. august. De dominikanerne som fulgte erkebiskop Lef\u00e8bvre ut i skisma med Kirken, minnes ham ogs\u00e5 fortsatt den 4. august, og de samme gj\u00f8r alle de troende som f\u00f8lger Missale Romanum av 1962 (den ekstraordin\u00e6re form). Hans translasjonsfest feires den 24. mai\u00a0<em>(<\/em><em>Translatio Dominici)<\/em>.<\/p>\n<p>Det latinske Dominicus\/Dominica er latinske former av det greske Cyriacus (Kuriakos) og Cyriaca. P\u00e5 moderne spr\u00e5k har vi formene Domenico (italiensk), Domingo (spansk og portugisisk), Dominique (fransk), Dominic (engelsk), Domonkos (ungarsk), og Dominik (polsk, tsjekkisk, kroatisk). Se en side med\u00a0<a href=\"http:\/\/saints.sqpn.com\/saint-dominic-de-guzman-gallery\/\">bilder av Dominikus<\/a>. Se ogs\u00e5\u00a0<a href=\"http:\/\/www.santiebeati.it\/immagini\/?mode=album&amp;album=23950&amp;dispsize=Original\">en annen side<\/a>\u00a0med mange bilder.<\/p>\n<p>&nbsp;<\/p>\n<p>Teksten er hentet fra\u00a0<a title=\"Lenke til artikkelen om St. Dominikus p\u00e5 katolsk.no\" href=\"http:\/\/www.katolsk.no\/biografier\/historisk\/dominikus\">artikkelen om St. Dominikus p\u00e5 katolsk.no<\/a>.<br \/>\n<a href=\"http:\/\/www.katolsk.no\/biografier\/historisk\/kilder\">Kilder<\/a>: Attwater (dk), Attwater\/John, Attwater\/Cumming, Farmer, Jones, Bentley, Lodi, Butler, Butler (VIII), Benedictines, Delaney, Bunson, Dorcy, Kv\u00e6rne\/Vogt, Halvorsen, Engelhart, Schnitzler, Schauber\/Schindler, Melchers, Gorys, Dammer\/Adam, CE, CSO, Patron Saints SQPN, Infocatho, Bautz, Heiligenlexikon, santiebeati.it, zeno.org &#8211; Kompilasjon og oversettelse:\u00a0<a href=\"http:\/\/www.katolsk.no\/biografier\/innenriks\/peodden\">p. Per Einar Odden<\/a><\/p>\n","protected":false},"excerpt":{"rendered":"<p>Helligk\u00e5ring og utbredelse Etter Dominikus\u2019 d\u00f8d var br\u00f8drene mer omhyggelige med hans b\u00f8nner og arbeidet han hadde inspirert enn med noen kult, og de brydde seg lite om hans relikvier. Gravm\u00e6let de bygde, var beskjedent. Det ble liggende i friluft &hellip; <a href=\"https:\/\/www.opdacia.org\/?p=1518\">Les videre <span class=\"meta-nav\">&rarr;<\/span><\/a><\/p>\n","protected":false},"author":3,"featured_media":0,"comment_status":"open","ping_status":"open","sticky":false,"template":"","format":"standard","meta":{"footnotes":"","_links_to":"","_links_to_target":""},"categories":[3],"tags":[],"class_list":["post-1518","post","type-post","status-publish","format-standard","hentry","category-prekener"],"_links":{"self":[{"href":"https:\/\/www.opdacia.org\/index.php?rest_route=\/wp\/v2\/posts\/1518","targetHints":{"allow":["GET"]}}],"collection":[{"href":"https:\/\/www.opdacia.org\/index.php?rest_route=\/wp\/v2\/posts"}],"about":[{"href":"https:\/\/www.opdacia.org\/index.php?rest_route=\/wp\/v2\/types\/post"}],"author":[{"embeddable":true,"href":"https:\/\/www.opdacia.org\/index.php?rest_route=\/wp\/v2\/users\/3"}],"replies":[{"embeddable":true,"href":"https:\/\/www.opdacia.org\/index.php?rest_route=%2Fwp%2Fv2%2Fcomments&post=1518"}],"version-history":[{"count":9,"href":"https:\/\/www.opdacia.org\/index.php?rest_route=\/wp\/v2\/posts\/1518\/revisions"}],"predecessor-version":[{"id":1616,"href":"https:\/\/www.opdacia.org\/index.php?rest_route=\/wp\/v2\/posts\/1518\/revisions\/1616"}],"wp:attachment":[{"href":"https:\/\/www.opdacia.org\/index.php?rest_route=%2Fwp%2Fv2%2Fmedia&parent=1518"}],"wp:term":[{"taxonomy":"category","embeddable":true,"href":"https:\/\/www.opdacia.org\/index.php?rest_route=%2Fwp%2Fv2%2Fcategories&post=1518"},{"taxonomy":"post_tag","embeddable":true,"href":"https:\/\/www.opdacia.org\/index.php?rest_route=%2Fwp%2Fv2%2Ftags&post=1518"}],"curies":[{"name":"wp","href":"https:\/\/api.w.org\/{rel}","templated":true}]}}