{"id":2081,"date":"2015-01-25T06:00:16","date_gmt":"2015-01-25T05:00:16","guid":{"rendered":"http:\/\/opdacia.org\/?p=2081"},"modified":"2015-01-24T14:43:47","modified_gmt":"2015-01-24T13:43:47","slug":"a-leve-er-risikabelt","status":"publish","type":"post","link":"https:\/\/www.opdacia.org\/?p=2081","title":{"rendered":"\u00c5 leve er risikabelt!"},"content":{"rendered":"<p><a title=\"Lenker til liturgiske tekster for 3, s\u00f8ndag i det alminnelige kirke\u00e5ret, \u00e5r B\" href=\"http:\/\/liturgi.info\/U3b\">3. s\u00f8ndag i det alminnelige kirke\u00e5ret, \u00e5r B<\/a><\/p>\n<p><a href=\"http:\/\/www.opdacia.org\/wp-content\/uploads\/2015\/01\/Bilde-3-s\u00f8ndag-alm-kirke\u00e5r.jpg\"><img loading=\"lazy\" decoding=\"async\" class=\"alignleft size-medium wp-image-2083\" src=\"http:\/\/www.opdacia.org\/wp-content\/uploads\/2015\/01\/Bilde-3-s\u00f8ndag-alm-kirke\u00e5r-300x292.jpg\" alt=\"Bilde 3 s\u00f8ndag alm kirke\u00e5r\" width=\"300\" height=\"292\" srcset=\"https:\/\/www.opdacia.org\/wp-content\/uploads\/2015\/01\/Bilde-3-s\u00f8ndag-alm-kirke\u00e5r-300x292.jpg 300w, https:\/\/www.opdacia.org\/wp-content\/uploads\/2015\/01\/Bilde-3-s\u00f8ndag-alm-kirke\u00e5r-1024x999.jpg 1024w, https:\/\/www.opdacia.org\/wp-content\/uploads\/2015\/01\/Bilde-3-s\u00f8ndag-alm-kirke\u00e5r-307x300.jpg 307w, https:\/\/www.opdacia.org\/wp-content\/uploads\/2015\/01\/Bilde-3-s\u00f8ndag-alm-kirke\u00e5r.jpg 1438w\" sizes=\"auto, (max-width: 300px) 100vw, 300px\" \/><\/a>Tiden er denne s\u00f8ndagens tema.<\/p>\n<p>I den f\u00f8rste lesningen h\u00f8rer vi at profeten Jona ble sendt til storbyen Ninive med et urovekkende budskap til de syndige innbyggerne: \u00abEnn\u00e5 f\u00f8rti dager, og s\u00e5 skal Ninive bli \u00f8delagt!\u00bb Da folket omvendte seg og gjorde bot, endret Gud sin plan. [1 Jona 3:1-5,10]<\/p>\n<p>Deretter f\u00e5r vi noen formanende ord fra Paulus, som skriver at \u00abTiden er knapp [&#8230;] for hele den synlige verden g\u00e5r mot sin undergang.\u00bb Vi m\u00e5 leve uten \u00e5 binde oss for sterkt til denne verdens goder. [1 Kor 7:29-31]<!--more--><\/p>\n<p>Til slutt beretter evangelisten Markus om Jesus som forkynner at \u00abTiden er inne, og Guds rike er n\u00e6r\u00bb. S\u00e5 kaller han til seg de f\u00f8rste fire disiplene, fire fiskere som skal bli menneskefiskere. [Mark 1:14-20]<\/p>\n<p>Dette er ganske urovekkende ord. Om bare f\u00f8rti dager&#8230; Tiden er knapp&#8230; Ja, tiden for gudsriket er n\u00e6r&#8230; Vi kan f\u00e5 h\u00f8y puls av mindre.<\/p>\n<p>Jona var ganske presis; det var om f\u00f8rti dager det skulle skje. Ellers er Bibelens budskap ofte at tiden er begrenset og fremtiden ukjent. Vi g\u00e5r d\u00f8den i m\u00f8te \u2013 det gjelder alle mennesker \u2013 og jorden varer heller ikke evig. Men tidspunktet \u00abkommer som en tyv om natten\u00bb [1 Tess 5:2], for \u00abdagen og timen kjenner ingen, ikke englene i himmelen og heller ikke S\u00f8nnen, bare Faderen\u00bb [Matt 24:36].<\/p>\n<p>\u00c5 leve er risikabelt! \u00abS\u00e5 v\u00e5k da!\u00bb sier Jesus [Matt 24:42; 25:13].<\/p>\n<p>Har vi noe viktig \u00e5 gj\u00f8re, s\u00e5 m\u00e5 vi gj\u00f8re det n\u00e5! Vi m\u00e5 ikke vente med \u00e5 skv\u00e6re opp om vi har gjort noen noe vondt, og i morgen kan det v\u00e6re for sent \u00e5 bes\u00f8ke dem som lengter etter oss. Carpe diem! skrev den romerske dikteren Horatius, \u00abGrip dagen, stol s\u00e5 lite som mulig p\u00e5 den neste\u00bb.<\/p>\n<p>Det samme gjelder samfunnet. Det er n\u00e5 \u2013 ja, hver dag \u2013 vi m\u00e5 arbeide for \u00e5 lindre n\u00f8d og for \u00e5 skape rettferdighet, dialog, forsoning og fred. Noen kroner i tiggerens kopp, et forsvar for den som blir krenket, litt kj\u00e6rlighet til den som trenger det&#8230; Vi m\u00e5 ikke overlate alt til politikerne og de store organisasjonene; det er summen av alle de sm\u00e5 bidragene som teller.<\/p>\n<p>Og det gjelder Kirken. Hvis Evangeliet skal forkynnes for alle, kan ikke det vente til i morgen. Vi m\u00e5 pr\u00f8ve hver dag \u00e5 vise i liv og ord hvilken rikdom troen gir.<\/p>\n<p>Det gjelder ogs\u00e5 v\u00e5r klode. Hvis vi ikke griper inn, vil klimaet forverres og menneskenes levek\u00e5r bli d\u00e5rligere. Det er n\u00e5 vi m\u00e5 gj\u00f8re noe med milj\u00f8et, ikke om noen \u00e5r. Ansvaret er v\u00e5rt. Ogs\u00e5 vi m\u00e5 bidra, stort eller lite.<\/p>\n<p>Og selvsagt, det gjelder ikke minst det skremmende, det som vi kanskje fors\u00f8ker \u00e5 glemme: Det jordiske varer ikke evig. En dag tar livet slutt. Noen ganger skjer det forutsigbart, p\u00e5 grunn av sykdom eller alder. Da har vi tid til \u00e5 forberede oss. Men d\u00f8den kan ogs\u00e5 komme uventet, \u00absom en tyv om natten\u00bb. I begge tilfeller m\u00e5 vi v\u00e6re forberedt. De gamle romerne sa ogs\u00e5 memento mori! \u00abhusk du skal d\u00f8\u00bb.<\/p>\n<p><em>Carpe diem! Memento mori!<\/em> Vi synes kanskje dette er barske ord, men av og til m\u00e5 Kirken minne oss om at det er risikabelt \u00e5 leve. Det m\u00e5 vi ta p\u00e5 alvor.<\/p>\n<p>Vi m\u00e5 imidlertid ogs\u00e5 ha tillit til at Gud hjelper oss med sin n\u00e5de, \u00abhan som i sin rike miskunn har f\u00f8dt oss p\u00e5 ny og gitt oss et levende h\u00e5p ved Jesu Kristi oppstandelse fra de d\u00f8de!\u00bb [1 Pet 1:3]<\/p>\n<p>S\u00e5 kan vi se fram til den endelige avslutningen \u2013 Herrens gjenkomst \u2013 med glede og forventning og ikke bare med angst for \u00abdommedag\u00bb.<\/p>\n<div id=\"attachment_672\" style=\"width: 211px\" class=\"wp-caption alignleft\"><a href=\"http:\/\/www.opdacia.org\/wp-content\/uploads\/2013\/06\/Helge-Erik-Solberg.jpg\"><img loading=\"lazy\" decoding=\"async\" aria-describedby=\"caption-attachment-672\" class=\"size-full wp-image-672\" src=\"http:\/\/www.opdacia.org\/wp-content\/uploads\/2013\/06\/Helge-Erik-Solberg.jpg\" alt=\"Helge Erik Solberg, legdominikanerfraterniteten St. Dominikus, Oslo\" width=\"201\" height=\"251\" \/><\/a><p id=\"caption-attachment-672\" class=\"wp-caption-text\">Helge Erik Solberg,<br \/>legdominikanerfraterniteten St. Dominikus, Oslo<\/p><\/div>\n","protected":false},"excerpt":{"rendered":"<p>3. s\u00f8ndag i det alminnelige kirke\u00e5ret, \u00e5r B Tiden er denne s\u00f8ndagens tema. I den f\u00f8rste lesningen h\u00f8rer vi at profeten Jona ble sendt til storbyen Ninive med et urovekkende budskap til de syndige innbyggerne: \u00abEnn\u00e5 f\u00f8rti dager, og s\u00e5 &hellip; <a href=\"https:\/\/www.opdacia.org\/?p=2081\">Les videre <span class=\"meta-nav\">&rarr;<\/span><\/a><\/p>\n","protected":false},"author":3,"featured_media":0,"comment_status":"open","ping_status":"open","sticky":false,"template":"","format":"standard","meta":{"footnotes":"","_links_to":"","_links_to_target":""},"categories":[9],"tags":[],"class_list":["post-2081","post","type-post","status-publish","format-standard","hentry","category-prekener-ar-b"],"_links":{"self":[{"href":"https:\/\/www.opdacia.org\/index.php?rest_route=\/wp\/v2\/posts\/2081","targetHints":{"allow":["GET"]}}],"collection":[{"href":"https:\/\/www.opdacia.org\/index.php?rest_route=\/wp\/v2\/posts"}],"about":[{"href":"https:\/\/www.opdacia.org\/index.php?rest_route=\/wp\/v2\/types\/post"}],"author":[{"embeddable":true,"href":"https:\/\/www.opdacia.org\/index.php?rest_route=\/wp\/v2\/users\/3"}],"replies":[{"embeddable":true,"href":"https:\/\/www.opdacia.org\/index.php?rest_route=%2Fwp%2Fv2%2Fcomments&post=2081"}],"version-history":[{"count":2,"href":"https:\/\/www.opdacia.org\/index.php?rest_route=\/wp\/v2\/posts\/2081\/revisions"}],"predecessor-version":[{"id":2084,"href":"https:\/\/www.opdacia.org\/index.php?rest_route=\/wp\/v2\/posts\/2081\/revisions\/2084"}],"wp:attachment":[{"href":"https:\/\/www.opdacia.org\/index.php?rest_route=%2Fwp%2Fv2%2Fmedia&parent=2081"}],"wp:term":[{"taxonomy":"category","embeddable":true,"href":"https:\/\/www.opdacia.org\/index.php?rest_route=%2Fwp%2Fv2%2Fcategories&post=2081"},{"taxonomy":"post_tag","embeddable":true,"href":"https:\/\/www.opdacia.org\/index.php?rest_route=%2Fwp%2Fv2%2Ftags&post=2081"}],"curies":[{"name":"wp","href":"https:\/\/api.w.org\/{rel}","templated":true}]}}