{"id":2108,"date":"2015-02-22T14:51:45","date_gmt":"2015-02-22T13:51:45","guid":{"rendered":"http:\/\/opdacia.org\/?p=2108"},"modified":"2015-02-22T14:52:13","modified_gmt":"2015-02-22T13:52:13","slug":"avhengig-fridom","status":"publish","type":"post","link":"https:\/\/www.opdacia.org\/?p=2108","title":{"rendered":"Avhengig fridom"},"content":{"rendered":"<p><a title=\"Lesning 1. s\u00f8ndag i fasten \u00e5r B\" href=\"http:\/\/liturgi.info\/F1b\" target=\"_blank\">Lesning 1. s\u00f8ndag i fasten (\u00e5r B)<\/a><\/p>\n<p><a href=\"http:\/\/www.opdacia.org\/wp-content\/uploads\/2015\/02\/Jesu-fristelse.jpg\"><img loading=\"lazy\" decoding=\"async\" class=\"alignleft size-medium wp-image-2109\" src=\"http:\/\/www.opdacia.org\/wp-content\/uploads\/2015\/02\/Jesu-fristelse-300x286.jpg\" alt=\"Jesu fristelse (bilde fr\u00e5 Salt + life blog)\" width=\"300\" height=\"286\" srcset=\"https:\/\/www.opdacia.org\/wp-content\/uploads\/2015\/02\/Jesu-fristelse-300x286.jpg 300w, https:\/\/www.opdacia.org\/wp-content\/uploads\/2015\/02\/Jesu-fristelse-314x300.jpg 314w, https:\/\/www.opdacia.org\/wp-content\/uploads\/2015\/02\/Jesu-fristelse.jpg 346w\" sizes=\"auto, (max-width: 300px) 100vw, 300px\" \/><\/a>Kva skal det vere godt for, at Anden driv Jesus ut i \u00f8rkenen? Treng Jesus \u00e5 gjere bot for sitt eige liv? Har han noko utest\u00e5ande med Faderen? Han er jo den skuldfrie, den reine, den lytelause? Likevel held han til i \u00f8rkenen i f\u00f8rti dagar, der han utst\u00e5r freistingar og den vondes angrep.<!--more--><\/p>\n<p>Jesus er den uskuldsreine. Han vert ikkje driven ut i \u00f8rkenen for \u00e5 st\u00e5 til rette for noko, men for \u00e5 st\u00e5 p\u00e5 v\u00e5r side. V\u00e5r Gud meiner nemleg alvor med \u00e5 gjere seg til eitt med sin skapnad. Han st\u00e5r ikkje p\u00e5 ein armlengdes avstand, som om han berre skulle late som om han tek del i v\u00e5re k\u00e5r. Nei, han st\u00e5r last og brast med dei mange pr\u00f8velsane som mennesket til ei kvar tid st\u00e5r i, og som kan ramme oss alle. Ja, ikkje berre delar han same k\u00e5r som oss. Ved Den Heilage Ande viser oss veg ut i \u00f8ydemarka. &#8220;Kom med meg&#8221; seier han, &#8220;s\u00e5 skal eg vise deg det du end\u00e5 ikkje har sett eller tenkt over&#8221;.<\/p>\n<p>Kvifor skal mennesket legge vegen ut i \u00f8ydemarka saman med Jesus? Jau, for der ute i det tomme, ufruktbare landskapet l\u00e6rer me i kva grad me er avhengige av Gud.<\/p>\n<p>\u00c5 g\u00e5 ut i \u00f8rkenen er eit motangrep p\u00e5 djevelens makter som set alt inn p\u00e5 \u00e5 fordreie menneskets sinn, slik at det trur seg uavhengig fr\u00e5 alt. Denne demoniske strategien kan me ane allreie i byrjinga av menneskets tilvere, heilt fr\u00e5 det fyrste m\u00f8tet mellom menneska og djevelen, han som kretsar rundt den forbodne frukta, der freistinga er. Eva sa dei ikkje m\u00e5tte ete av frukta av treet midt i hagen for d\u00e5 m\u00e5tte dei d\u00f8y. Men slangen svara: &#8220;De skal slett ikkje d\u00f8y! Men Gud veit at den dagen de et av frukta, skal auga dykkar opnast; de skal bli som Gud og kjenna godt og vondt.&#8221;<\/p>\n<p>Djevelen har alltid som m\u00e5l \u00e5 gjere menneske til m\u00e5l i seg sj\u00f8lv, og d\u00e5 alltid skilt fr\u00e5 alle andre. Han manipulerar v\u00e5rt sinn, og vil gjere oss eigenr\u00e5dige.<\/p>\n<p>Han forf\u00f8rer kj\u00e6rleiken og gjer oss meir opptatt av v\u00e5re sj\u00f8lvsentrerte behov og begj\u00e6r, og slik pr\u00f8var \u00e5 hindre oss i \u00e5 opne augo for Guds n\u00e6rv\u00e6r, det n\u00e6rveret som held alt oppe, og som er grunnen for heile v\u00e5r eksistens.<\/p>\n<p>N\u00e5r Jesus vert freista i \u00f8ydemarka kjem den vonde sin strategi end\u00e5 tydlegare fram. Ta makta sj\u00f8lv, freistar djevelen. Men Jesus peikar heile tida mot Faderen, Han som me er kalla til \u00e5 sette v\u00e5r lit til og kvile i. Slik viser Jesus oss kva grep me kan ta mot vonde makter. Me er kalla til \u00e5 legge ned v\u00e5rt hovmod, og sj\u00e5 korleis alt avheng av han som held heile skapnaden i si hand.<\/p>\n<p>Dette leiar oss fram mot p\u00e5skemysteriet som me n\u00e5 skal sikte mot i denne fastetida. For ved Kristi d\u00f8d, oppstode og himmelferd ser me for alvor i kva grad mennesket treng Gud. Ingen kan gje seg sj\u00f8lv evig liv. Ingen kan ta til seg frelsa av eige makt. Det er ei g\u00e5ve gjeven av Gud.<\/p>\n<p>Dette leier oss mot d\u00e5psmotivet som regnbogen er eit teikn p\u00e5, og som Paulus kallar eit frelsande vatn. Ein kvar d\u00e5p er eit drama som peikar mot p\u00e5skemysteriet, der me er vitne til ei foreining mellom Kristus og menneske, ei foreining som g\u00e5r gjennom dauden i vatnet, og som reiser mennesket opp til evig samfunn med den trefoldige Gud. Slik spedbarnet ligg overgitt p\u00e5 foreldra sin arm, slik er me alle haldne oppe av Gud, og verna slik Kristus vart sett til av englane.<\/p>\n<p>N\u00e5r me g\u00e5r inn i fastetida \u00a0kallar kyrkja oss til \u00e5 verte meir bevisst den store g\u00e5va Gud skjenkjer sitt folk, nemleg evig samfunn med Gud, og Den heilage Andes g\u00e5ve i v\u00e5re hjarte. I denne tida er me kalla til \u00e5 utfordre oss sj\u00f8lv, slik at me p\u00e5 nytt kan minne oss p\u00e5 at det er ikkje <em>me<\/em> som held v\u00e5r eigen eksistens oppe. Me er her, fordi Gud\u00a0 har satt oss her. Me lever og er til, fordi Gud har gitt oss alt me er og har. I denne innsikta ligg mennesket sin sanne fridom.<\/p>\n<div id=\"attachment_1912\" style=\"width: 235px\" class=\"wp-caption alignleft\"><a href=\"http:\/\/www.opdacia.org\/wp-content\/uploads\/2014\/11\/portrett-hsn.jpg\"><img loading=\"lazy\" decoding=\"async\" aria-describedby=\"caption-attachment-1912\" class=\"size-medium wp-image-1912\" src=\"http:\/\/www.opdacia.org\/wp-content\/uploads\/2014\/11\/portrett-hsn-225x300.jpg\" alt=\"Haavar Simon Nilsen OP, St. Dominikus kloster, Oslo\" width=\"225\" height=\"300\" srcset=\"https:\/\/www.opdacia.org\/wp-content\/uploads\/2014\/11\/portrett-hsn-225x300.jpg 225w, https:\/\/www.opdacia.org\/wp-content\/uploads\/2014\/11\/portrett-hsn-768x1024.jpg 768w, https:\/\/www.opdacia.org\/wp-content\/uploads\/2014\/11\/portrett-hsn.jpg 900w\" sizes=\"auto, (max-width: 225px) 100vw, 225px\" \/><\/a><p id=\"caption-attachment-1912\" class=\"wp-caption-text\">Haavar Simon Nilsen OP,<br \/>St. Dominikus kloster, Oslo<\/p><\/div>\n","protected":false},"excerpt":{"rendered":"<p>Lesning 1. s\u00f8ndag i fasten (\u00e5r B) Kva skal det vere godt for, at Anden driv Jesus ut i \u00f8rkenen? Treng Jesus \u00e5 gjere bot for sitt eige liv? Har han noko utest\u00e5ande med Faderen? Han er jo den skuldfrie, &hellip; <a href=\"https:\/\/www.opdacia.org\/?p=2108\">Les videre <span class=\"meta-nav\">&rarr;<\/span><\/a><\/p>\n","protected":false},"author":3,"featured_media":0,"comment_status":"open","ping_status":"open","sticky":false,"template":"","format":"standard","meta":{"footnotes":"","_links_to":"","_links_to_target":""},"categories":[8],"tags":[],"class_list":["post-2108","post","type-post","status-publish","format-standard","hentry","category-prekener-ar-a"],"_links":{"self":[{"href":"https:\/\/www.opdacia.org\/index.php?rest_route=\/wp\/v2\/posts\/2108","targetHints":{"allow":["GET"]}}],"collection":[{"href":"https:\/\/www.opdacia.org\/index.php?rest_route=\/wp\/v2\/posts"}],"about":[{"href":"https:\/\/www.opdacia.org\/index.php?rest_route=\/wp\/v2\/types\/post"}],"author":[{"embeddable":true,"href":"https:\/\/www.opdacia.org\/index.php?rest_route=\/wp\/v2\/users\/3"}],"replies":[{"embeddable":true,"href":"https:\/\/www.opdacia.org\/index.php?rest_route=%2Fwp%2Fv2%2Fcomments&post=2108"}],"version-history":[{"count":2,"href":"https:\/\/www.opdacia.org\/index.php?rest_route=\/wp\/v2\/posts\/2108\/revisions"}],"predecessor-version":[{"id":2111,"href":"https:\/\/www.opdacia.org\/index.php?rest_route=\/wp\/v2\/posts\/2108\/revisions\/2111"}],"wp:attachment":[{"href":"https:\/\/www.opdacia.org\/index.php?rest_route=%2Fwp%2Fv2%2Fmedia&parent=2108"}],"wp:term":[{"taxonomy":"category","embeddable":true,"href":"https:\/\/www.opdacia.org\/index.php?rest_route=%2Fwp%2Fv2%2Fcategories&post=2108"},{"taxonomy":"post_tag","embeddable":true,"href":"https:\/\/www.opdacia.org\/index.php?rest_route=%2Fwp%2Fv2%2Ftags&post=2108"}],"curies":[{"name":"wp","href":"https:\/\/api.w.org\/{rel}","templated":true}]}}