{"id":2273,"date":"2015-05-17T09:00:46","date_gmt":"2015-05-17T08:00:46","guid":{"rendered":"http:\/\/opdacia.org\/?p=2273"},"modified":"2015-05-16T22:20:21","modified_gmt":"2015-05-16T21:20:21","slug":"forberedelse-og-forventning","status":"publish","type":"post","link":"https:\/\/www.opdacia.org\/?p=2273","title":{"rendered":"Forberedelse og forventning"},"content":{"rendered":"<p><a title=\"Lenke til liturgiske tekster for 7. s\u00f8ndag i p\u00e5sketiden, \u00e5r B\" href=\"http:\/\/liturgi.info\/P7b\">7. s\u00f8ndag i p\u00e5sketiden (B)<\/a><\/p>\n<p><a href=\"http:\/\/www.opdacia.org\/wp-content\/uploads\/2015\/05\/novena-hs.png\"><img loading=\"lazy\" decoding=\"async\" class=\"alignright size-medium wp-image-2278\" src=\"http:\/\/www.opdacia.org\/wp-content\/uploads\/2015\/05\/novena-hs-300x193.png\" alt=\"novena-hs\" width=\"300\" height=\"193\" srcset=\"https:\/\/www.opdacia.org\/wp-content\/uploads\/2015\/05\/novena-hs-300x193.png 300w, https:\/\/www.opdacia.org\/wp-content\/uploads\/2015\/05\/novena-hs-465x300.png 465w, https:\/\/www.opdacia.org\/wp-content\/uploads\/2015\/05\/novena-hs.png 660w\" sizes=\"auto, (max-width: 300px) 100vw, 300px\" \/><\/a>Denne s\u00f8ndagen befinner vi oss mellom to liturgiske fester; to dager etter Kristi himmelfart og sju dager f\u00f8r pinse. Disse ni spesielle dagene er fylt av b\u00e5de avskjed og forventning. P\u00e5 Kristi himmelfartsdag mintes vi at Kristus ble tatt opp til himmelen og tok sete ved Guds h\u00f8yre h\u00e5nd etter at han hadde tatt avskjed med apostlene. Men denne avskjeden \u00e5pnet for en ny utvikling. Leo den store sier det slik: \u201dDet som i v\u00e5r Frelser var synlig, gikk over i de sakramentale mysterier.\u201d For i pinsen sendte Gud Talsmannen, Den Hellige \u00c5nd, til hjelp, styrke og veiledning.<!--more--><\/p>\n<p>Lukas forteller i Apostelgjerningene at da Jesus hadde blitt tatt bort fra apostlenes \u00f8yne, gikk de tilbake til byen, til den salen der de pleide \u00e5 holde til. Der holdt de trofast sammen i b\u00f8nn sammen med Maria, Jesu mor, og flere andre. Slik forberedte de seg og ventet p\u00e5 det som skulle komme. Vi leser at de var fylt av glede og tillit. (Dette er opphavet til b\u00f8nneformen <a href=\"http:\/\/en.wikipedia.org\/wiki\/Novena\">novene<\/a>, en b\u00f8nn over ni dager for et bestemt form\u00e5l. Mange ber en novene i disse dager.)<\/p>\n<p>Dagens evangelielesning er hentet fra Jesu avskjedstale i Johannesevangeliet. Dette er noe av det siste Jesus sier til disiplene f\u00f8r han blir tatt til fange. Vi blir sl\u00e5tt av Jesu store omtanke og kj\u00e6rlighet for sine. Han ber for dem: \u201dBevar i ditt navn dem du har gitt meg \u2026\u201d, at \u201dde kan eie min glede, full og hel\u201d.<\/p>\n<p>Men Jesus kjenner verden og vet at mye vondt kan ramme dem: \u201dJeg har brakt dem mitt ord; og verden har lagt dem for hat, fordi de ikke h\u00f8rer den til, slik som jeg ikke h\u00f8rer verden til. Jeg ber deg ikke om \u00e5 ta dem bort fra denne verden, men om \u00e5 bevare dem fra det onde.\u201d Vi m\u00e5 sp\u00f8rre: Betyr dette at verden er ond? Var det ikke Gud som skapte verden, og sa han ikke at alt var s\u00e5re godt?<\/p>\n<p>N\u00f8kkelen ligger i \u00e5 skille mellom \u201di verden\u201d og \u201dav verden\u201d, slik den engelske dominikaneren Robert Gay forklarer i sin preken <a href=\"http:\/\/torch.op.org\/torch\/not-of-the-world\">Not \u201dof\u201d the world<\/a>. Vi lever i verden, men er p\u00e5 pilegrimsvandring mot et h\u00f8yere m\u00e5l. Som kristne skal vi ikke bare la oss drive med str\u00f8mmen dit samfunnsutviklingen g\u00e5r, for i blant f\u00f8rer denne str\u00f8mmen bort fra Det gode og Det sanne. For \u00e5 forst\u00e5 om noe er godt og sant m\u00e5 vi m\u00e5le det mot den sannheten som Kristus har \u00e5penbart. \u201dHellige dem i sannheten! Ditt ord er sannhet.\u201d st\u00e5r det i dagens Evangelium.<\/p>\n<p>Her kommer Den Hellige \u00c5nds gaver oss til hjelp. Den er visdoms og forstands \u00c5nd, r\u00e5ds og styrkes \u00c5nd, kunnskaps og fromhets \u00c5nd, gudsfrykts \u00c5nd. Hos kirkefedrene leser vi: \u201dDen f\u00f8rer med seg et eget klarsyn, slik at alle som har fornuft, kan finne sannheten\u201d (Basilios den store). \u201dHvordan kan det ha seg at \u00c5ndens n\u00e5de kalles vann? Det er fordi vann er grunnlaget for alt. \u2026 det faller ned i \u00e9n skikkelse, men virker p\u00e5 mangfoldig vis. En eneste kilde vannet Edens have. Ett og samme regn faller over hele jorden. I liljen blir det hvitt, i rosen r\u00f8dt, purpurfarvet i fioler og hyasinter, og atter forskjellig i ulike arter. Det er i palmen p\u00e5 en m\u00e5te, p\u00e5 en annen i vinranken, og det er alt i alle\u201d (Kyrillos av Jerusalem). Den Hellige \u00c5nd m\u00f8ter oss der vi er, og veileder slik at vi kan forst\u00e5 det \u2013 en pedagog i toppklasse.<\/p>\n<p>La oss i dagene fram mot pinsefesten holde trofast sammen i b\u00f8nn, og slik forberede oss til p\u00e5 nytt \u00e5 ta imot Den Hellige \u00c5nds gaver!<\/p>\n<div id=\"attachment_825\" style=\"width: 310px\" class=\"wp-caption alignleft\"><a href=\"http:\/\/www.opdacia.org\/wp-content\/uploads\/2013\/08\/\u00c5se.jpg\"><img loading=\"lazy\" decoding=\"async\" aria-describedby=\"caption-attachment-825\" class=\"size-medium wp-image-825\" src=\"http:\/\/www.opdacia.org\/wp-content\/uploads\/2013\/08\/\u00c5se-300x150.jpg\" alt=\"\u00c5se Sofie Skjerdal, legdominikanerfraterniteten St. Dominikus, Oslo\" width=\"300\" height=\"150\" srcset=\"https:\/\/www.opdacia.org\/wp-content\/uploads\/2013\/08\/\u00c5se-300x150.jpg 300w, https:\/\/www.opdacia.org\/wp-content\/uploads\/2013\/08\/\u00c5se.jpg 450w\" sizes=\"auto, (max-width: 300px) 100vw, 300px\" \/><\/a><p id=\"caption-attachment-825\" class=\"wp-caption-text\">\u00c5se Sofie Skjerdal,<br \/>legdominikanerfraterniteten St. Dominikus, Oslo<\/p><\/div>\n","protected":false},"excerpt":{"rendered":"<p>7. s\u00f8ndag i p\u00e5sketiden (B) Denne s\u00f8ndagen befinner vi oss mellom to liturgiske fester; to dager etter Kristi himmelfart og sju dager f\u00f8r pinse. Disse ni spesielle dagene er fylt av b\u00e5de avskjed og forventning. P\u00e5 Kristi himmelfartsdag mintes vi &hellip; <a href=\"https:\/\/www.opdacia.org\/?p=2273\">Les videre <span class=\"meta-nav\">&rarr;<\/span><\/a><\/p>\n","protected":false},"author":3,"featured_media":0,"comment_status":"open","ping_status":"open","sticky":false,"template":"","format":"standard","meta":{"footnotes":"","_links_to":"","_links_to_target":""},"categories":[9],"tags":[],"class_list":["post-2273","post","type-post","status-publish","format-standard","hentry","category-prekener-ar-b"],"_links":{"self":[{"href":"https:\/\/www.opdacia.org\/index.php?rest_route=\/wp\/v2\/posts\/2273","targetHints":{"allow":["GET"]}}],"collection":[{"href":"https:\/\/www.opdacia.org\/index.php?rest_route=\/wp\/v2\/posts"}],"about":[{"href":"https:\/\/www.opdacia.org\/index.php?rest_route=\/wp\/v2\/types\/post"}],"author":[{"embeddable":true,"href":"https:\/\/www.opdacia.org\/index.php?rest_route=\/wp\/v2\/users\/3"}],"replies":[{"embeddable":true,"href":"https:\/\/www.opdacia.org\/index.php?rest_route=%2Fwp%2Fv2%2Fcomments&post=2273"}],"version-history":[{"count":5,"href":"https:\/\/www.opdacia.org\/index.php?rest_route=\/wp\/v2\/posts\/2273\/revisions"}],"predecessor-version":[{"id":2279,"href":"https:\/\/www.opdacia.org\/index.php?rest_route=\/wp\/v2\/posts\/2273\/revisions\/2279"}],"wp:attachment":[{"href":"https:\/\/www.opdacia.org\/index.php?rest_route=%2Fwp%2Fv2%2Fmedia&parent=2273"}],"wp:term":[{"taxonomy":"category","embeddable":true,"href":"https:\/\/www.opdacia.org\/index.php?rest_route=%2Fwp%2Fv2%2Fcategories&post=2273"},{"taxonomy":"post_tag","embeddable":true,"href":"https:\/\/www.opdacia.org\/index.php?rest_route=%2Fwp%2Fv2%2Ftags&post=2273"}],"curies":[{"name":"wp","href":"https:\/\/api.w.org\/{rel}","templated":true}]}}