{"id":2282,"date":"2015-05-20T16:56:16","date_gmt":"2015-05-20T15:56:16","guid":{"rendered":"http:\/\/opdacia.org\/?p=2282"},"modified":"2015-05-25T22:17:19","modified_gmt":"2015-05-25T21:17:19","slug":"bli-i-min-kjaerlighet","status":"publish","type":"post","link":"https:\/\/www.opdacia.org\/?p=2282","title":{"rendered":"&#8220;Bli i min kj\u00e6rlighet&#8221;"},"content":{"rendered":"<p>Sr. Ingeborg-Marie av den Oppstandne Kristus OP avla sine h\u00f8ytidelige l\u00f8fter p\u00e5 Lunden kloster fredag 8. mai 2015. Det var en str\u00e5lende v\u00e5r-ettermiddag. Mange hadde m\u00f8tt opp for \u00e5 v\u00e6re med p\u00e5 den gledelige begivenheten.<\/p>\n<p><a href=\"http:\/\/www.opdacia.org\/wp-content\/uploads\/2015\/05\/Sr-Ingeborg-Marias-l\u00f8fter-1.png\"><img loading=\"lazy\" decoding=\"async\" class=\"alignleft size-medium wp-image-2283\" src=\"http:\/\/www.opdacia.org\/wp-content\/uploads\/2015\/05\/Sr-Ingeborg-Marias-l\u00f8fter-1-300x225.png\" alt=\"Sr Ingeborg-Marias l\u00f8fter 1. Foto: Helge Erik Solberg\" width=\"300\" height=\"225\" srcset=\"https:\/\/www.opdacia.org\/wp-content\/uploads\/2015\/05\/Sr-Ingeborg-Marias-l\u00f8fter-1-300x225.png 300w, https:\/\/www.opdacia.org\/wp-content\/uploads\/2015\/05\/Sr-Ingeborg-Marias-l\u00f8fter-1-1024x769.png 1024w, https:\/\/www.opdacia.org\/wp-content\/uploads\/2015\/05\/Sr-Ingeborg-Marias-l\u00f8fter-1-399x300.png 399w, https:\/\/www.opdacia.org\/wp-content\/uploads\/2015\/05\/Sr-Ingeborg-Marias-l\u00f8fter-1.png 1199w\" sizes=\"auto, (max-width: 300px) 100vw, 300px\" \/><\/a><\/p>\n<p>&nbsp;<\/p>\n<p>&nbsp;<\/p>\n<p>&nbsp;<\/p>\n<p>&nbsp;<\/p>\n<p>&nbsp;<\/p>\n<p>&nbsp;<\/p>\n<p>Biskop Bernt Eidsvig var hovedcelebrant.<\/p>\n<p><a href=\"http:\/\/www.opdacia.org\/wp-content\/uploads\/2015\/05\/Sr-Ingeborg-Maries-l\u00f8fter-2.jpg\"><img loading=\"lazy\" decoding=\"async\" class=\"alignleft size-medium wp-image-2284\" src=\"http:\/\/www.opdacia.org\/wp-content\/uploads\/2015\/05\/Sr-Ingeborg-Maries-l\u00f8fter-2-300x225.jpg\" alt=\"Sr Ingeborg-Maries l\u00f8fter 2. Foto: Helge-Erik Solberg\" width=\"300\" height=\"225\" srcset=\"https:\/\/www.opdacia.org\/wp-content\/uploads\/2015\/05\/Sr-Ingeborg-Maries-l\u00f8fter-2-300x225.jpg 300w, https:\/\/www.opdacia.org\/wp-content\/uploads\/2015\/05\/Sr-Ingeborg-Maries-l\u00f8fter-2-1024x768.jpg 1024w, https:\/\/www.opdacia.org\/wp-content\/uploads\/2015\/05\/Sr-Ingeborg-Maries-l\u00f8fter-2-399x300.jpg 399w, https:\/\/www.opdacia.org\/wp-content\/uploads\/2015\/05\/Sr-Ingeborg-Maries-l\u00f8fter-2.jpg 1073w\" sizes=\"auto, (max-width: 300px) 100vw, 300px\" \/><\/a><\/p>\n<p>&nbsp;<\/p>\n<p>&nbsp;<\/p>\n<p>&nbsp;<\/p>\n<p>&nbsp;<\/p>\n<p>&nbsp;<\/p>\n<p>&nbsp;<\/p>\n<p>&#8211; Hva s\u00f8ker du?<\/p>\n<p>&#8211; Guds barmhjertighet og deres.<\/p>\n<p>&#8211; Reis deg. <!--more--><\/p>\n<p><a href=\"http:\/\/www.opdacia.org\/wp-content\/uploads\/2015\/05\/Sr-Ingeborg-Maries-l\u00f8fter-3.jpg\"><img loading=\"lazy\" decoding=\"async\" class=\"alignleft size-medium wp-image-2285\" src=\"http:\/\/www.opdacia.org\/wp-content\/uploads\/2015\/05\/Sr-Ingeborg-Maries-l\u00f8fter-3-300x225.jpg\" alt=\"Sr Ingeborg-Maries l\u00f8fter 3. Foto: Helge-Erik solberg\" width=\"300\" height=\"225\" srcset=\"https:\/\/www.opdacia.org\/wp-content\/uploads\/2015\/05\/Sr-Ingeborg-Maries-l\u00f8fter-3-300x225.jpg 300w, https:\/\/www.opdacia.org\/wp-content\/uploads\/2015\/05\/Sr-Ingeborg-Maries-l\u00f8fter-3-1024x768.jpg 1024w, https:\/\/www.opdacia.org\/wp-content\/uploads\/2015\/05\/Sr-Ingeborg-Maries-l\u00f8fter-3-399x300.jpg 399w, https:\/\/www.opdacia.org\/wp-content\/uploads\/2015\/05\/Sr-Ingeborg-Maries-l\u00f8fter-3.jpg 1073w\" sizes=\"auto, (max-width: 300px) 100vw, 300px\" \/><\/a><\/p>\n<p>&nbsp;<\/p>\n<p>&nbsp;<\/p>\n<p>&nbsp;<\/p>\n<p>&nbsp;<\/p>\n<p>&nbsp;<\/p>\n<p>&nbsp;<\/p>\n<p>S\u00f8strene gir l\u00f8fte om lydighet if\u00f8lge konstitusjonene, <em>ikke som slaver under loven, men som frie under n\u00e5den<\/em>. (LCM (Nonnenes konstitusjoner) 1,6)<\/p>\n<p><a href=\"http:\/\/www.opdacia.org\/wp-content\/uploads\/2015\/05\/Sr-Ingeborg-Maries-l\u00f8fter-4.jpg\"><img loading=\"lazy\" decoding=\"async\" class=\"alignleft size-medium wp-image-2286\" src=\"http:\/\/www.opdacia.org\/wp-content\/uploads\/2015\/05\/Sr-Ingeborg-Maries-l\u00f8fter-4-300x225.jpg\" alt=\"Sr Ingeborg-Maries l\u00f8fter 4. Foto: Helge-Erik Solberg\" width=\"300\" height=\"225\" srcset=\"https:\/\/www.opdacia.org\/wp-content\/uploads\/2015\/05\/Sr-Ingeborg-Maries-l\u00f8fter-4-300x225.jpg 300w, https:\/\/www.opdacia.org\/wp-content\/uploads\/2015\/05\/Sr-Ingeborg-Maries-l\u00f8fter-4-1024x768.jpg 1024w, https:\/\/www.opdacia.org\/wp-content\/uploads\/2015\/05\/Sr-Ingeborg-Maries-l\u00f8fter-4-399x300.jpg 399w, https:\/\/www.opdacia.org\/wp-content\/uploads\/2015\/05\/Sr-Ingeborg-Maries-l\u00f8fter-4.jpg 1073w\" sizes=\"auto, (max-width: 300px) 100vw, 300px\" \/><\/a><\/p>\n<p>&nbsp;<\/p>\n<p>&nbsp;<\/p>\n<p>&nbsp;<\/p>\n<p>&nbsp;<\/p>\n<p>&nbsp;<\/p>\n<p>&nbsp;<\/p>\n<p><em>Som den hellige Augustins Ordensregel minner oss om, er den f\u00f8rste grunn til at vi er samlet til ett, at vi skal bo sammen i enighet og at vi skal s\u00f8ke Gud med ett hjerte og ett sinn. Ut over klosterets grenser, n\u00e5r denne enighet sin fylde i foreningen med Ordenen og med hele Kristi kirke.<\/em> (LCM 2)<\/p>\n<p><a href=\"http:\/\/www.opdacia.org\/wp-content\/uploads\/2015\/05\/Sr-Ingeborg-Maries-l\u00f8fter-5.jpg\"><img loading=\"lazy\" decoding=\"async\" class=\"alignleft size-medium wp-image-2287\" src=\"http:\/\/www.opdacia.org\/wp-content\/uploads\/2015\/05\/Sr-Ingeborg-Maries-l\u00f8fter-5-300x225.jpg\" alt=\"Sr Ingeborg-Maries l\u00f8fter 5. Foto: Helge-Erik Solberg\" width=\"300\" height=\"225\" srcset=\"https:\/\/www.opdacia.org\/wp-content\/uploads\/2015\/05\/Sr-Ingeborg-Maries-l\u00f8fter-5-300x225.jpg 300w, https:\/\/www.opdacia.org\/wp-content\/uploads\/2015\/05\/Sr-Ingeborg-Maries-l\u00f8fter-5-1024x768.jpg 1024w, https:\/\/www.opdacia.org\/wp-content\/uploads\/2015\/05\/Sr-Ingeborg-Maries-l\u00f8fter-5-399x300.jpg 399w, https:\/\/www.opdacia.org\/wp-content\/uploads\/2015\/05\/Sr-Ingeborg-Maries-l\u00f8fter-5.jpg 1073w\" sizes=\"auto, (max-width: 300px) 100vw, 300px\" \/><\/a><\/p>\n<p>&nbsp;<\/p>\n<p>&nbsp;<\/p>\n<p>&nbsp;<\/p>\n<p>&nbsp;<\/p>\n<p>&nbsp;<\/p>\n<p>&nbsp;<\/p>\n<p><em>Samholdet i v\u00e5rt liv, som er rotfestet i Guds kj\u00e6rlighet, b\u00f8r v\u00e6re et levende eksempel p\u00e5 den universelle forsoning i Kristus, som v\u00e5re br\u00f8dre ogs\u00e5 forkynner med ord.<\/em> (LCM 2)<\/p>\n<p><a href=\"http:\/\/www.opdacia.org\/wp-content\/uploads\/2015\/05\/Sr-Ingeborg-Maries-l\u00f8fter-6.jpg\"><img loading=\"lazy\" decoding=\"async\" class=\"alignleft size-medium wp-image-2288\" src=\"http:\/\/www.opdacia.org\/wp-content\/uploads\/2015\/05\/Sr-Ingeborg-Maries-l\u00f8fter-6-300x225.jpg\" alt=\"Sr Ingeborg-Maries l\u00f8fter 6. Foto: Helge-Erik Solberg\" width=\"300\" height=\"225\" srcset=\"https:\/\/www.opdacia.org\/wp-content\/uploads\/2015\/05\/Sr-Ingeborg-Maries-l\u00f8fter-6-300x225.jpg 300w, https:\/\/www.opdacia.org\/wp-content\/uploads\/2015\/05\/Sr-Ingeborg-Maries-l\u00f8fter-6-1024x768.jpg 1024w, https:\/\/www.opdacia.org\/wp-content\/uploads\/2015\/05\/Sr-Ingeborg-Maries-l\u00f8fter-6-399x300.jpg 399w, https:\/\/www.opdacia.org\/wp-content\/uploads\/2015\/05\/Sr-Ingeborg-Maries-l\u00f8fter-6.jpg 1073w\" sizes=\"auto, (max-width: 300px) 100vw, 300px\" \/><\/a><\/p>\n<p>&nbsp;<\/p>\n<p>&nbsp;<\/p>\n<p>&nbsp;<\/p>\n<p>&nbsp;<\/p>\n<p>&nbsp;<\/p>\n<p>&nbsp;<\/p>\n<p><em>Ved de evige l\u00f8fter vier s\u00f8steren seg fullstendig til Gud i Ordenen, helt til d\u00f8den.<\/em> (LCM 166)<\/p>\n<p><a href=\"http:\/\/www.opdacia.org\/wp-content\/uploads\/2015\/05\/Sr-Ingeborg-Maries-l\u00f8fter-7.jpg\"><img loading=\"lazy\" decoding=\"async\" class=\"alignleft size-medium wp-image-2289\" src=\"http:\/\/www.opdacia.org\/wp-content\/uploads\/2015\/05\/Sr-Ingeborg-Maries-l\u00f8fter-7-300x225.jpg\" alt=\"Sr Ingeborg-Maries l\u00f8fter 7. Foto: Helge-Erik Solberg\" width=\"300\" height=\"225\" srcset=\"https:\/\/www.opdacia.org\/wp-content\/uploads\/2015\/05\/Sr-Ingeborg-Maries-l\u00f8fter-7-300x225.jpg 300w, https:\/\/www.opdacia.org\/wp-content\/uploads\/2015\/05\/Sr-Ingeborg-Maries-l\u00f8fter-7-1024x768.jpg 1024w, https:\/\/www.opdacia.org\/wp-content\/uploads\/2015\/05\/Sr-Ingeborg-Maries-l\u00f8fter-7-399x300.jpg 399w, https:\/\/www.opdacia.org\/wp-content\/uploads\/2015\/05\/Sr-Ingeborg-Maries-l\u00f8fter-7.jpg 1073w\" sizes=\"auto, (max-width: 300px) 100vw, 300px\" \/><\/a><\/p>\n<p>&nbsp;<\/p>\n<p>&nbsp;<\/p>\n<p>&nbsp;<\/p>\n<p>&nbsp;<\/p>\n<p>&nbsp;<\/p>\n<p>&nbsp;<\/p>\n<p><em>Bli i min kj\u00e6rlighet.<\/em> (Joh. 15,9)<\/p>\n<div>\n<div id=\"attachment_2305\" style=\"width: 310px\" class=\"wp-caption alignleft\"><a href=\"http:\/\/www.opdacia.org\/wp-content\/uploads\/2013\/08\/Sr-Ingeborg-Marie.png\"><img loading=\"lazy\" decoding=\"async\" aria-describedby=\"caption-attachment-2305\" class=\"size-medium wp-image-2305\" src=\"http:\/\/www.opdacia.org\/wp-content\/uploads\/2013\/08\/Sr-Ingeborg-Marie-300x224.png\" alt=\"Sr Ingeborg-Marie OP, Lunden kloster i Oslo\" width=\"300\" height=\"224\" srcset=\"https:\/\/www.opdacia.org\/wp-content\/uploads\/2013\/08\/Sr-Ingeborg-Marie-300x224.png 300w, https:\/\/www.opdacia.org\/wp-content\/uploads\/2013\/08\/Sr-Ingeborg-Marie-400x300.png 400w, https:\/\/www.opdacia.org\/wp-content\/uploads\/2013\/08\/Sr-Ingeborg-Marie.png 828w\" sizes=\"auto, (max-width: 300px) 100vw, 300px\" \/><\/a><p id=\"caption-attachment-2305\" class=\"wp-caption-text\">Sr Ingeborg-Marie OP,<br \/>Lunden kloster i Oslo<\/p><\/div>\n<p>Sr. Ingeborg-Marie av den Oppstandne Kristus OP (Ingeborg-Marie L\u00f8venskiold Gr\u00fcner Kvam), f. 1987, tilh\u00f8rer Lunden Kloster (tr\u00e5dte inn 2009, f\u00f8rste l\u00f8fter 2012, h\u00f8ytidelige l\u00f8fter 2015).<\/p>\n<\/div>\n<div>BA i spr\u00e5k og litteratur med fordypning i fransk og latin fra NTNU, for tiden fjernstudium i teologi ved The Priory Institute, Dublin, drevet av dominikanernes irske provins.<\/div>\n<div><\/div>\n<div>S\u00e6rlige interesser \u2013 foruten klosterlivet i alle dets dimensjoner: Liturgi, teologi og eksegese, kristen enhet, spr\u00e5k, litteratur og musikk.<\/div>\n<div><\/div>\n<div>Les <a title=\"Lenke til side med bidrag fra sr. Ingeborg-Marie\" href=\"http:\/\/www.opdacia.org\/?s=ingeborg-marie&amp;submit=S%C3%B8k\">bidrag fra sr. Ingeborg-Marie<\/a> p\u00e5 www.opdacia.org.<\/div>\n<p>&nbsp;<\/p>\n<p>&nbsp;<\/p>\n<p>&nbsp;<\/p>\n<p>&nbsp;<\/p>\n<p>&nbsp;<\/p>\n<p>&nbsp;<\/p>\n<p>&nbsp;<\/p>\n<p>&nbsp;<\/p>\n<p>&nbsp;<\/p>\n","protected":false},"excerpt":{"rendered":"<p>Sr. Ingeborg-Marie av den Oppstandne Kristus OP avla sine h\u00f8ytidelige l\u00f8fter p\u00e5 Lunden kloster fredag 8. mai 2015. Det var en str\u00e5lende v\u00e5r-ettermiddag. Mange hadde m\u00f8tt opp for \u00e5 v\u00e6re med p\u00e5 den gledelige begivenheten. &nbsp; &nbsp; &nbsp; &nbsp; &nbsp; &hellip; <a href=\"https:\/\/www.opdacia.org\/?p=2282\">Les videre <span class=\"meta-nav\">&rarr;<\/span><\/a><\/p>\n","protected":false},"author":3,"featured_media":0,"comment_status":"open","ping_status":"open","sticky":false,"template":"","format":"standard","meta":{"footnotes":"","_links_to":"","_links_to_target":""},"categories":[6,4,19,5],"tags":[],"class_list":["post-2282","post","type-post","status-publish","format-standard","hentry","category-artikler","category-kall","category-kontemplative-sostre","category-nyheter"],"_links":{"self":[{"href":"https:\/\/www.opdacia.org\/index.php?rest_route=\/wp\/v2\/posts\/2282","targetHints":{"allow":["GET"]}}],"collection":[{"href":"https:\/\/www.opdacia.org\/index.php?rest_route=\/wp\/v2\/posts"}],"about":[{"href":"https:\/\/www.opdacia.org\/index.php?rest_route=\/wp\/v2\/types\/post"}],"author":[{"embeddable":true,"href":"https:\/\/www.opdacia.org\/index.php?rest_route=\/wp\/v2\/users\/3"}],"replies":[{"embeddable":true,"href":"https:\/\/www.opdacia.org\/index.php?rest_route=%2Fwp%2Fv2%2Fcomments&post=2282"}],"version-history":[{"count":7,"href":"https:\/\/www.opdacia.org\/index.php?rest_route=\/wp\/v2\/posts\/2282\/revisions"}],"predecessor-version":[{"id":2307,"href":"https:\/\/www.opdacia.org\/index.php?rest_route=\/wp\/v2\/posts\/2282\/revisions\/2307"}],"wp:attachment":[{"href":"https:\/\/www.opdacia.org\/index.php?rest_route=%2Fwp%2Fv2%2Fmedia&parent=2282"}],"wp:term":[{"taxonomy":"category","embeddable":true,"href":"https:\/\/www.opdacia.org\/index.php?rest_route=%2Fwp%2Fv2%2Fcategories&post=2282"},{"taxonomy":"post_tag","embeddable":true,"href":"https:\/\/www.opdacia.org\/index.php?rest_route=%2Fwp%2Fv2%2Ftags&post=2282"}],"curies":[{"name":"wp","href":"https:\/\/api.w.org\/{rel}","templated":true}]}}