{"id":2334,"date":"2015-06-14T12:18:11","date_gmt":"2015-06-14T11:18:11","guid":{"rendered":"http:\/\/opdacia.org\/?p=2334"},"modified":"2015-07-21T19:50:31","modified_gmt":"2015-07-21T18:50:31","slug":"800-ars-jubileumshelg-i-toulouse","status":"publish","type":"post","link":"https:\/\/www.opdacia.org\/?p=2334","title":{"rendered":"800-\u00e5rs jubileumshelg i Toulouse"},"content":{"rendered":"<div><strong><em>Contemplare et contemplata aliis tradere<\/em> &#8211;\u00a0Kontempler og bring videre det du har skuet.<\/strong><\/div>\n<div>\n<div id=\"attachment_2335\" style=\"width: 310px\" class=\"wp-caption alignleft\"><a href=\"http:\/\/www.opdacia.org\/wp-content\/uploads\/2015\/06\/Couvent_des_Jacobins.jpg\"><img loading=\"lazy\" decoding=\"async\" aria-describedby=\"caption-attachment-2335\" class=\"size-medium wp-image-2335\" src=\"http:\/\/www.opdacia.org\/wp-content\/uploads\/2015\/06\/Couvent_des_Jacobins-300x223.jpg\" alt=\"Jakobinerkirken i Toulouse. Foto: Wikipedia\" width=\"300\" height=\"223\" srcset=\"https:\/\/www.opdacia.org\/wp-content\/uploads\/2015\/06\/Couvent_des_Jacobins-300x223.jpg 300w, https:\/\/www.opdacia.org\/wp-content\/uploads\/2015\/06\/Couvent_des_Jacobins-403x300.jpg 403w, https:\/\/www.opdacia.org\/wp-content\/uploads\/2015\/06\/Couvent_des_Jacobins.jpg 1024w\" sizes=\"auto, (max-width: 300px) 100vw, 300px\" \/><\/a><p id=\"caption-attachment-2335\" class=\"wp-caption-text\">Jakobinerkirken i Toulouse. Foto: Wikipedia<\/p><\/div>\n<\/div>\n<div>Dette har v\u00e6rt dominikanernes motto helt fra Ordenens f\u00f8rste tid, kontempler, mediter, &#8211; men bring videre det du mottar gjennom b\u00f8nnen , det du har skuet.<\/div>\n<div>Evangelisering, det \u00e5 forkynne Evangeliet, er selve kjernen i v\u00e5rt kall, og Dominikus drivkraft var nettopp det \u00e5 skulle n\u00e5 mennesker der hvor de er.<\/div>\n<div><\/div>\n<div>I Pinsehelgen 2015 \u00a0feiret Ordenen grunnleggelsen i Toulouse, det f\u00f8rste stedet hvor br\u00f8drene startet sitt virke, &#8211; hele v\u00e5r tradisjon &#8211; (tradere) &#8211; \u00a0springer ut fra denne kilden.<\/div>\n<p><!--more--><\/p>\n<div><\/div>\n<div>Se video fra Jubileumsmessen i Jakobinerkirken, les Jacobins,\u00a0<a title=\"Messe i Jakobinerkirken i Toulouse\" href=\"http:\/\/www.rts.ch\/play\/tv\/messes\/video\/messe-de-pentec\u00f4te-en-direct-de-leglise-st-thomas-daquin-a-toulouse?id=6807221\" target=\"_blank\">her &gt;&gt;<\/a><\/div>\n<div><\/div>\n<div>\n<div id=\"attachment_2336\" style=\"width: 810px\" class=\"wp-caption aligncenter\"><a href=\"http:\/\/www.opdacia.org\/wp-content\/uploads\/2015\/06\/Eglise_des_Jacobins_toulouse.jpg\"><img loading=\"lazy\" decoding=\"async\" aria-describedby=\"caption-attachment-2336\" class=\"size-full wp-image-2336\" src=\"http:\/\/www.opdacia.org\/wp-content\/uploads\/2015\/06\/Eglise_des_Jacobins_toulouse.jpg\" alt=\"Jakobinerkirkens velkjente palmes\u00f8yler. Foto: Wikipedia\" width=\"800\" height=\"600\" srcset=\"https:\/\/www.opdacia.org\/wp-content\/uploads\/2015\/06\/Eglise_des_Jacobins_toulouse.jpg 800w, https:\/\/www.opdacia.org\/wp-content\/uploads\/2015\/06\/Eglise_des_Jacobins_toulouse-300x225.jpg 300w, https:\/\/www.opdacia.org\/wp-content\/uploads\/2015\/06\/Eglise_des_Jacobins_toulouse-400x300.jpg 400w\" sizes=\"auto, (max-width: 800px) 100vw, 800px\" \/><\/a><p id=\"caption-attachment-2336\" class=\"wp-caption-text\">Jakobinerkirkens velkjente palmes\u00f8yler. Foto: Wikipedia<\/p><\/div>\n<\/div>\n<div>Toulouse var ikke et tilfeldig valgt geografisk sted, i omr\u00e5dene omkring byen &#8220;misjonerte&#8221; katarene, \u00a0eller Albigenserne, som de ogs\u00e5 ble kalt, ettersom som de holdt til i og omkring byen Albi, ikke langt fra Toulouse. Dominikus&#8217; hjerte brant for disse villfarne sjeler, han ville f\u00f8re den tilbake til Kirken; &#8220;hvordan skal de g\u00e5 med synderne?&#8221;<\/div>\n<div><\/div>\n<div>\u00a0V\u00e5ren 1215 kom de f\u00f8rste br\u00f8drene til Toulouse, og dette er grunnen til at man p\u00e5 sett og vis tjuvstartet jubileums\u00e5ret 2016 allerede n\u00e5.<\/div>\n<div><\/div>\n<div>Uten forkleinelse for andre provinser verden over, kan man si at ved br\u00f8drenes ankomst til Toulouse i 1215, startet det dominikanske eventyr. Dominikus sendte br\u00f8dre ut i verden, de skulle m\u00f8te mennesker hvor de var og forkynne det glade budskap for dem.<\/div>\n<div>I dag, verden over, vandrer Dominikus&#8217; s\u00f8nner og d\u00f8tre omkring i verden for \u00e5 tradere &#8211; bringe videre &#8211; \u00a0det glade budskap.<\/div>\n<div><\/div>\n<div>Allerede i januar 2015 startet man med seminarer og foredrag, men selve hovedfeiringen fant sted under Pinsehelgen. L\u00f8rdag kveld startet med h\u00f8ytidelig Vigilie i Les Jacobins &#8211; det som tideligere var br\u00f8drenes kirke og kloster i Toulouse. Kirken er et praktbygg, bygget i perioden 1230 og 138, og den dannet en verdig ramme omkring feiringene<\/div>\n<div><\/div>\n<div>Navnet &#8220;Les Jacobins&#8221;, jakobinerne, fikk bygget etter br\u00f8drenes kloster i Paris i Rue Saint Jacques (grunnlagt i 1218) , slik som alle de tidligste grunnleggelsene ogs\u00e5 fikk.<\/div>\n<div>Siden hen i historien f\u00e5r ogs\u00e5 de revolusjon\u00e6re dette navnet, fordi de l\u00e5nte lokaler hos dominikanerne i Paris for \u00e5 forberede revolusjonen, men det er en helt annen historie.<\/div>\n<div><\/div>\n<div>Vigiliefeiringen ble feiret etter alle kunstens og liturgiens regler, vakker sang av dominikanerbroderen Andr\u00e9 Gouzes fylte kirkerommet og Ordenmagisteren, fr Bruno Cador\u00e9, preket. Vigilien gled over i en konsert med ensemblet &#8220;Mora Vocis&#8221;.<\/div>\n<div><\/div>\n<div>Pinsedag ble det feiret messe som ble overf\u00f8rt via Eurovision, kirken var fullstappet av br\u00f8dre, s\u00f8stre og legfolk. Mange var kommet langveis fra, og Norge var godt representert.<\/div>\n<div>B\u00e5de Ordensmagisteren og en av v\u00e5re dominikanske biskoper, \u00a0Mgr Jean-Louis Brugu\u00e8s og en tall-l\u00f8s skare av konselebrerende br\u00f8dre.<\/div>\n<div><\/div>\n<div>Etter messen var det lunsj for 550 inviterte hos br\u00f8drene \u00a0i deres kloster i Rangeuil like utenfor Toulouse.<\/div>\n<div><\/div>\n<div>2 pinsedag ble messen feiret hos s\u00f8strene i Prouilhe, hvor Dominikus grunnla et kloster for kvinner allerede i 1206, alts\u00e5 9 \u00e5r f\u00f8r det f\u00f8rste br\u00f8drekloster ble grunnlagt.<\/div>\n<div>Kommuniteten i Prouilhe er i dag en internasjonal kommunitet, etter et initiativ av dav\u00e6rende Ordensmagister Timothy Radcliffe.<\/div>\n<div>\n<div id=\"attachment_602\" style=\"width: 210px\" class=\"wp-caption alignleft\"><a href=\"http:\/\/www.opdacia.org\/wp-content\/uploads\/2013\/05\/Sr-Ragnhild-Marie-Katarinahjemmet-Oslo.jpg\"><img loading=\"lazy\" decoding=\"async\" aria-describedby=\"caption-attachment-602\" class=\"size-full wp-image-602\" src=\"http:\/\/www.opdacia.org\/wp-content\/uploads\/2013\/05\/Sr-Ragnhild-Marie-Katarinahjemmet-Oslo.jpg\" alt=\"Sr Ragnhild Marie Bjelland OP, Sta Katarinahjemmet, Oslo\" width=\"200\" height=\"219\" \/><\/a><p id=\"caption-attachment-602\" class=\"wp-caption-text\">Sr Ragnhild Marie Bjelland OP,<br \/>Sta Katarinahjemmet, Oslo<\/p><\/div>\n<\/div>\n<div class=\"yj6qo ajU\">\n<div id=\"attachment_1625\" style=\"width: 208px\" class=\"wp-caption alignright\"><a href=\"http:\/\/www.opdacia.org\/wp-content\/uploads\/2013\/08\/Haavar-Simon-Nilsen-OP.png\"><img loading=\"lazy\" decoding=\"async\" aria-describedby=\"caption-attachment-1625\" class=\"size-medium wp-image-1625\" src=\"http:\/\/www.opdacia.org\/wp-content\/uploads\/2013\/08\/Haavar-Simon-Nilsen-OP-198x300.png\" alt=\"Haavar Simon Nilsen OP, St. Dominikus kloster, Oslo\" width=\"198\" height=\"300\" srcset=\"https:\/\/www.opdacia.org\/wp-content\/uploads\/2013\/08\/Haavar-Simon-Nilsen-OP-198x300.png 198w, https:\/\/www.opdacia.org\/wp-content\/uploads\/2013\/08\/Haavar-Simon-Nilsen-OP.png 408w\" sizes=\"auto, (max-width: 198px) 100vw, 198px\" \/><\/a><p id=\"caption-attachment-1625\" class=\"wp-caption-text\">Haavar Simon Nilsen OP,<br \/>St. Dominikus kloster, Oslo<\/p><\/div>\n<\/div>\n","protected":false},"excerpt":{"rendered":"<p>Contemplare et contemplata aliis tradere &#8211;\u00a0Kontempler og bring videre det du har skuet. Dette har v\u00e6rt dominikanernes motto helt fra Ordenens f\u00f8rste tid, kontempler, mediter, &#8211; men bring videre det du mottar gjennom b\u00f8nnen , det du har skuet. Evangelisering, &hellip; <a href=\"https:\/\/www.opdacia.org\/?p=2334\">Les videre <span class=\"meta-nav\">&rarr;<\/span><\/a><\/p>\n","protected":false},"author":3,"featured_media":0,"comment_status":"open","ping_status":"open","sticky":false,"template":"","format":"standard","meta":{"footnotes":"","_links_to":"","_links_to_target":""},"categories":[6,21],"tags":[],"class_list":["post-2334","post","type-post","status-publish","format-standard","hentry","category-artikler","category-dominikanerbrodre"],"_links":{"self":[{"href":"https:\/\/www.opdacia.org\/index.php?rest_route=\/wp\/v2\/posts\/2334","targetHints":{"allow":["GET"]}}],"collection":[{"href":"https:\/\/www.opdacia.org\/index.php?rest_route=\/wp\/v2\/posts"}],"about":[{"href":"https:\/\/www.opdacia.org\/index.php?rest_route=\/wp\/v2\/types\/post"}],"author":[{"embeddable":true,"href":"https:\/\/www.opdacia.org\/index.php?rest_route=\/wp\/v2\/users\/3"}],"replies":[{"embeddable":true,"href":"https:\/\/www.opdacia.org\/index.php?rest_route=%2Fwp%2Fv2%2Fcomments&post=2334"}],"version-history":[{"count":5,"href":"https:\/\/www.opdacia.org\/index.php?rest_route=\/wp\/v2\/posts\/2334\/revisions"}],"predecessor-version":[{"id":2440,"href":"https:\/\/www.opdacia.org\/index.php?rest_route=\/wp\/v2\/posts\/2334\/revisions\/2440"}],"wp:attachment":[{"href":"https:\/\/www.opdacia.org\/index.php?rest_route=%2Fwp%2Fv2%2Fmedia&parent=2334"}],"wp:term":[{"taxonomy":"category","embeddable":true,"href":"https:\/\/www.opdacia.org\/index.php?rest_route=%2Fwp%2Fv2%2Fcategories&post=2334"},{"taxonomy":"post_tag","embeddable":true,"href":"https:\/\/www.opdacia.org\/index.php?rest_route=%2Fwp%2Fv2%2Ftags&post=2334"}],"curies":[{"name":"wp","href":"https:\/\/api.w.org\/{rel}","templated":true}]}}