{"id":2351,"date":"2015-08-02T05:00:20","date_gmt":"2015-08-02T04:00:20","guid":{"rendered":"http:\/\/opdacia.org\/?p=2351"},"modified":"2015-06-20T14:38:37","modified_gmt":"2015-06-20T13:38:37","slug":"et-dobbelt-jubelar","status":"publish","type":"post","link":"https:\/\/www.opdacia.org\/?p=2351","title":{"rendered":"Et dobbelt jubel\u00e5r"},"content":{"rendered":"<p><a href=\"http:\/\/www.opdacia.org\/wp-content\/uploads\/2015\/06\/pope-francis-wyd-confession.jpg\"><img loading=\"lazy\" decoding=\"async\" class=\"alignright size-medium wp-image-2376\" src=\"http:\/\/www.opdacia.org\/wp-content\/uploads\/2015\/06\/pope-francis-wyd-confession-213x300.jpg\" alt=\"pope-francis-wyd-confession\" width=\"213\" height=\"300\" srcset=\"https:\/\/www.opdacia.org\/wp-content\/uploads\/2015\/06\/pope-francis-wyd-confession-213x300.jpg 213w, https:\/\/www.opdacia.org\/wp-content\/uploads\/2015\/06\/pope-francis-wyd-confession.jpg 340w\" sizes=\"auto, (max-width: 213px) 100vw, 213px\" \/><\/a>Dominikanerordenens 800-\u00e5rsjubileumsfeiring faller samtidig med\u00a0<a title=\"Lenke til artikkel om Barmhjertighetens \u00e5r 2016 p\u00e5 www.katolsk.no\" href=\"http:\/\/www.katolsk.no\/nyheter\/2015\/05\/barmhjertighetens-ar-vaer-barmhjertige-slik-deres-far-er-barmhjertig\">Kirkens ekstraordin\u00e6re jubel\u00e5r for barmhjertighet<\/a>. Dette passer sv\u00e6rt godt, for barmhjertighet og forsoning er grunnleggende verdier i den dominikanske tradisjonen.<\/p>\n<p>Den irske dominikanerpateren Vivian Boland utdypet dette i et intervju i Vatikanradioen tidligere i \u00e5r: &#8211; Barmhjertighetens \u00e5r gir en ny dimensjon til v\u00e5rt 800-\u00e5rsjubileum. Da den hellige Dominikus sendte br\u00f8drene ut for \u00e5 forkynne, ga han dem to oppgaver; \u00e5 forkynne og \u00e5 h\u00f8re skriftem\u00e5l. Dette gjorde han ut fra kunnskapen om at det er barmhjertighet og forsoning som f\u00f8rer mennesker tilbake til sannheten og godheten. Et 100 prosent rettferdig samfunn ville v\u00e6re umenneskelig \u00e5 leve i. N\u00e5den er mer grunnleggende enn rettferdigheten; det er n\u00e5den som gir det beste utgangspunktet for ny utvikling. Dette budskapet om barmhjertighet og forsoning er like viktig i v\u00e5r tid, som s\u00e5rt trenger hjelpemidler til dypere gjensidig forst\u00e5else og dialog.<\/p>\n<p>Den dominikanske familie gleder seg derfor over \u00e5 kunne feire b\u00e5de 800 \u00e5rsjubileet og Barmhjertighetens \u00e5r &#8211; samtidig!<\/p>\n<p>S\u00e5 sett gjerne av 5 minutter til \u00e5 h\u00f8re dette inspirerende\u00a0<a title=\"Lenke til intervju i Vtikanradioen med Vivian Boland OP den 17.3.2015\" href=\"http:\/\/en.radiovaticana.va\/news\/2015\/03\/17\/dominicans_look_forward_to_celebrating_double_jubilee\/1130081\">intervjuet med Vivian Boland OP i Vatikanradioen den 17. mars 2015<\/a>\u00a0.<\/p>\n<div id=\"attachment_2375\" style=\"width: 170px\" class=\"wp-caption alignleft\"><a href=\"http:\/\/www.opdacia.org\/wp-content\/uploads\/2015\/06\/Vivian-Boland-OP.jpg\"><img loading=\"lazy\" decoding=\"async\" aria-describedby=\"caption-attachment-2375\" class=\"size-full wp-image-2375\" src=\"http:\/\/www.opdacia.org\/wp-content\/uploads\/2015\/06\/Vivian-Boland-OP.jpg\" alt=\"Vivian Boland OP\" width=\"160\" height=\"212\" \/><\/a><p id=\"caption-attachment-2375\" class=\"wp-caption-text\">Vivian Boland OP<\/p><\/div>\n","protected":false},"excerpt":{"rendered":"<p>Dominikanerordenens 800-\u00e5rsjubileumsfeiring faller samtidig med\u00a0Kirkens ekstraordin\u00e6re jubel\u00e5r for barmhjertighet. Dette passer sv\u00e6rt godt, for barmhjertighet og forsoning er grunnleggende verdier i den dominikanske tradisjonen. Den irske dominikanerpateren Vivian Boland utdypet dette i et intervju i Vatikanradioen tidligere i \u00e5r: &#8211; &hellip; <a href=\"https:\/\/www.opdacia.org\/?p=2351\">Les videre <span class=\"meta-nav\">&rarr;<\/span><\/a><\/p>\n","protected":false},"author":3,"featured_media":0,"comment_status":"open","ping_status":"open","sticky":false,"template":"","format":"standard","meta":{"footnotes":"","_links_to":"","_links_to_target":""},"categories":[6,21],"tags":[],"class_list":["post-2351","post","type-post","status-publish","format-standard","hentry","category-artikler","category-dominikanerbrodre"],"_links":{"self":[{"href":"https:\/\/www.opdacia.org\/index.php?rest_route=\/wp\/v2\/posts\/2351","targetHints":{"allow":["GET"]}}],"collection":[{"href":"https:\/\/www.opdacia.org\/index.php?rest_route=\/wp\/v2\/posts"}],"about":[{"href":"https:\/\/www.opdacia.org\/index.php?rest_route=\/wp\/v2\/types\/post"}],"author":[{"embeddable":true,"href":"https:\/\/www.opdacia.org\/index.php?rest_route=\/wp\/v2\/users\/3"}],"replies":[{"embeddable":true,"href":"https:\/\/www.opdacia.org\/index.php?rest_route=%2Fwp%2Fv2%2Fcomments&post=2351"}],"version-history":[{"count":13,"href":"https:\/\/www.opdacia.org\/index.php?rest_route=\/wp\/v2\/posts\/2351\/revisions"}],"predecessor-version":[{"id":2386,"href":"https:\/\/www.opdacia.org\/index.php?rest_route=\/wp\/v2\/posts\/2351\/revisions\/2386"}],"wp:attachment":[{"href":"https:\/\/www.opdacia.org\/index.php?rest_route=%2Fwp%2Fv2%2Fmedia&parent=2351"}],"wp:term":[{"taxonomy":"category","embeddable":true,"href":"https:\/\/www.opdacia.org\/index.php?rest_route=%2Fwp%2Fv2%2Fcategories&post=2351"},{"taxonomy":"post_tag","embeddable":true,"href":"https:\/\/www.opdacia.org\/index.php?rest_route=%2Fwp%2Fv2%2Ftags&post=2351"}],"curies":[{"name":"wp","href":"https:\/\/api.w.org\/{rel}","templated":true}]}}