{"id":2532,"date":"2015-09-23T19:03:59","date_gmt":"2015-09-23T18:03:59","guid":{"rendered":"http:\/\/opdacia.org\/?p=2532"},"modified":"2015-09-23T19:03:59","modified_gmt":"2015-09-23T18:03:59","slug":"800-arsfirandet-narmar-sig","status":"publish","type":"post","link":"https:\/\/www.opdacia.org\/?p=2532","title":{"rendered":"800-\u00e5rsfirandet n\u00e4rmar sig"},"content":{"rendered":"<p>Planeringen av v\u00e5rt 800-\u00e5rs jubileum i Lund forts\u00e4tter. Den 20-22 maj tr\u00e4ffas vi i Lund och vi hoppas att ni har markerat dem i er kalender.<br \/>\nSedan sist har vi f\u00e5tt bekr\u00e4ftelse fr\u00e5n specialinbjudna talare om deras medverkan. Fr Michel Lachenaud, br\u00f6dernas och monialernas provincial har ocks\u00e5 lovat att delta. Han kommer ocks\u00e5 att uppmana br\u00f6der fr\u00e5n Frankrike att delta. Vi kommer ocks\u00e5 att bjuda in provincialen f\u00f6r den polska provinsen och br\u00f6der d\u00e4rifr\u00e5n.<br \/>\nVi tror att denna h\u00e4ndelse kan betyda mycket f\u00f6r v\u00e5r Orden h\u00e4r i Norden. Det g\u00e4ller b\u00e5de f\u00f6r v\u00e5ra kontakter med andra dominikaner och f\u00f6r v\u00e5r eget liv, gemenskap och predikan.<\/p>\n<p>Ett officiellt program kommer att distribueras kring 1 november. D\u00e5 \u00f6ppnas ocks\u00e5 m\u00f6jligheten till slutanm\u00e4lan.<\/p>\n<p>Kommitt\u00e9n f\u00f6r 800-\u00e5rs-jubil\u00e9et<br \/>\nbr Bj\u00f6rn och Haavar Simon, sr Ragnhild-Marie.<\/p>\n","protected":false},"excerpt":{"rendered":"<p>Planeringen av v\u00e5rt 800-\u00e5rs jubileum i Lund forts\u00e4tter. Den 20-22 maj tr\u00e4ffas vi i Lund och vi hoppas att ni har markerat dem i er kalender. Sedan sist har vi f\u00e5tt bekr\u00e4ftelse fr\u00e5n specialinbjudna talare om deras medverkan. Fr Michel &hellip; <a href=\"https:\/\/www.opdacia.org\/?p=2532\">Les videre <span class=\"meta-nav\">&rarr;<\/span><\/a><\/p>\n","protected":false},"author":3,"featured_media":0,"comment_status":"open","ping_status":"open","sticky":false,"template":"","format":"standard","meta":{"footnotes":"","_links_to":"","_links_to_target":""},"categories":[28],"tags":[],"class_list":["post-2532","post","type-post","status-publish","format-standard","hentry","category-op-800-ar"],"_links":{"self":[{"href":"https:\/\/www.opdacia.org\/index.php?rest_route=\/wp\/v2\/posts\/2532","targetHints":{"allow":["GET"]}}],"collection":[{"href":"https:\/\/www.opdacia.org\/index.php?rest_route=\/wp\/v2\/posts"}],"about":[{"href":"https:\/\/www.opdacia.org\/index.php?rest_route=\/wp\/v2\/types\/post"}],"author":[{"embeddable":true,"href":"https:\/\/www.opdacia.org\/index.php?rest_route=\/wp\/v2\/users\/3"}],"replies":[{"embeddable":true,"href":"https:\/\/www.opdacia.org\/index.php?rest_route=%2Fwp%2Fv2%2Fcomments&post=2532"}],"version-history":[{"count":1,"href":"https:\/\/www.opdacia.org\/index.php?rest_route=\/wp\/v2\/posts\/2532\/revisions"}],"predecessor-version":[{"id":2533,"href":"https:\/\/www.opdacia.org\/index.php?rest_route=\/wp\/v2\/posts\/2532\/revisions\/2533"}],"wp:attachment":[{"href":"https:\/\/www.opdacia.org\/index.php?rest_route=%2Fwp%2Fv2%2Fmedia&parent=2532"}],"wp:term":[{"taxonomy":"category","embeddable":true,"href":"https:\/\/www.opdacia.org\/index.php?rest_route=%2Fwp%2Fv2%2Fcategories&post=2532"},{"taxonomy":"post_tag","embeddable":true,"href":"https:\/\/www.opdacia.org\/index.php?rest_route=%2Fwp%2Fv2%2Ftags&post=2532"}],"curies":[{"name":"wp","href":"https:\/\/api.w.org\/{rel}","templated":true}]}}