{"id":2554,"date":"2015-10-18T06:00:02","date_gmt":"2015-10-18T05:00:02","guid":{"rendered":"http:\/\/opdacia.org\/?p=2554"},"modified":"2015-10-18T10:34:09","modified_gmt":"2015-10-18T09:34:09","slug":"vack-mig-ur-min-slummer","status":"publish","type":"post","link":"https:\/\/www.opdacia.org\/?p=2554","title":{"rendered":"V\u00e4ck mig ur min slummer"},"content":{"rendered":"<p><a href=\"http:\/\/liturgi.info\/U29b\">29. s\u00f8ndag i det alminnelige kirke\u00e5r, \u00e5r B<\/a><\/p>\n<p><a href=\"http:\/\/www.opdacia.org\/wp-content\/uploads\/2015\/10\/pyramid-luxor-1.jpg\"><img loading=\"lazy\" decoding=\"async\" class=\"alignleft size-medium wp-image-2558\" src=\"http:\/\/www.opdacia.org\/wp-content\/uploads\/2015\/10\/pyramid-luxor-1-300x200.jpg\" alt=\"pyramid luxor (1)\" width=\"300\" height=\"200\" srcset=\"https:\/\/www.opdacia.org\/wp-content\/uploads\/2015\/10\/pyramid-luxor-1-300x200.jpg 300w, https:\/\/www.opdacia.org\/wp-content\/uploads\/2015\/10\/pyramid-luxor-1-450x300.jpg 450w, https:\/\/www.opdacia.org\/wp-content\/uploads\/2015\/10\/pyramid-luxor-1.jpg 500w\" sizes=\"auto, (max-width: 300px) 100vw, 300px\" \/><\/a><\/p>\n<p>Pyramidens spets m\u00f6ter himlen. Den d\u00f6de farao begravd d\u00e4r nere tycks s\u00e4ga:\u00a0 &#8211; \u201dSe h\u00e4r, ocks\u00e5 som d\u00f6d h\u00e4rskar jag och makten \u00e4r min!\u201d<\/p>\n<p>Illusionernas v\u00e4rld, att f\u00f6rv\u00e4xla sig sj\u00e4lv med Gud.<\/p>\n<p>Nog \u00e4r det m\u00e4nskligt att vilja bortse fr\u00e5n att man bara \u00e4r m\u00e4nniska. Kanske skall det kort och gott kallas f\u00f6r r\u00e4dsla?<br \/>\nBlundar jag\u00a0 tillr\u00e4ckligt h\u00e5rt, om jag slumrar stilla p\u00e5 min soffa, s\u00e5 kan jag t\u00e4nka att jag nog egentligen \u00e4r en god m\u00e4nniska. &#8211; \u201dJag \u00e4r v\u00e4l v\u00e4rd att vara hos Gud!\u201d<!--more--><\/p>\n<p>Runt omkring finns sjuka och d\u00f6ende, m\u00e4nniskor p\u00e5 flykt, m\u00e4nniskor som s\u00e4ljs hit och dit. V\u00e4rlden \u00e4r en brutal plats och m\u00e4nniskorna \u00e4r ofta, mycket ofta, brutala och ok\u00e4nsliga och beredda att vandra \u00f6ver liken av de andra. Kanske ocks\u00e5 jag, slumrande p\u00e5 en soffa?<\/p>\n<p>Men v\u00e4rldens oro l\u00e4mnar ingen ro, hur jag \u00e4n blundar.<\/p>\n<p>S\u00e5 sv\u00e5rt att se och erk\u00e4nna sin svaghet. S\u00e5 sv\u00e5rt att se den egna delen. S\u00e5 sv\u00e5rt att s\u00e4ga: \u201d-F\u00f6r\u00e4ndra mig!\u201d<\/p>\n<p>Kanske hellre: \u201d-Nu skall jag f\u00f6r\u00e4ndra mig!\u201d Ta nya tag. Bli b\u00e4ttre.<\/p>\n<p>Ocks\u00e5 det \u00e4r att blunda och slumra. Ingen av oss \u00e4r hos Gud, ingen av oss \u00e4r d\u00e4r inne i v\u00e4rmen d\u00e4r man skapar endast goda saker och endast lever i fred med varandra. Vi st\u00e5r utanf\u00f6r en d\u00f6rr som \u00e4r st\u00e4ngd, och vi anar att p\u00e5 andra sidan finns det som vi g\u00e4rna vill l\u00e5tsas vi har redan nu.<\/p>\n<p>Hur \u00f6ppnas en d\u00f6rr man inte har nyckeln till? Ja, man knackar v\u00e4l. Om man litar till att n\u00e5gon \u00e4r hemma knackar man igen. Man hoppas och tror. D\u00e5 blir kylan utanf\u00f6r d\u00f6rren pl\u00f6tsligt uppfylld med v\u00e4rme.<\/p>\n<p>F\u00f6r att knacka m\u00e5ste man vara vaken och p\u00e5 plats. St\u00e5 d\u00e4r och tro att Gud vill och kan \u00f6ppna. Och\u00a0 ropa: \u201d-V\u00e4ck mig ur min slummer. F\u00f6r\u00e4ndra mig, g\u00f6r mig mer lik dig.\u201d<\/p>\n<div id=\"attachment_881\" style=\"width: 226px\" class=\"wp-caption alignleft\"><a href=\"http:\/\/www.opdacia.org\/wp-content\/uploads\/2012\/11\/Bj\u00f6rn-Engdahl.jpg\"><img loading=\"lazy\" decoding=\"async\" aria-describedby=\"caption-attachment-881\" class=\"size-full wp-image-881\" src=\"http:\/\/www.opdacia.org\/wp-content\/uploads\/2012\/11\/Bj\u00f6rn-Engdahl.jpg\" alt=\"Bj\u00f6rn Engdahl OP, Lund\" width=\"216\" height=\"234\" \/><\/a><p id=\"caption-attachment-881\" class=\"wp-caption-text\">Bj\u00f6rn Engdahl OP,<br \/>Lund<\/p><\/div>\n","protected":false},"excerpt":{"rendered":"<p>29. s\u00f8ndag i det alminnelige kirke\u00e5r, \u00e5r B Pyramidens spets m\u00f6ter himlen. Den d\u00f6de farao begravd d\u00e4r nere tycks s\u00e4ga:\u00a0 &#8211; \u201dSe h\u00e4r, ocks\u00e5 som d\u00f6d h\u00e4rskar jag och makten \u00e4r min!\u201d Illusionernas v\u00e4rld, att f\u00f6rv\u00e4xla sig sj\u00e4lv med Gud. &hellip; <a href=\"https:\/\/www.opdacia.org\/?p=2554\">Les videre <span class=\"meta-nav\">&rarr;<\/span><\/a><\/p>\n","protected":false},"author":3,"featured_media":0,"comment_status":"open","ping_status":"open","sticky":false,"template":"","format":"standard","meta":{"footnotes":"","_links_to":"","_links_to_target":""},"categories":[9],"tags":[],"class_list":["post-2554","post","type-post","status-publish","format-standard","hentry","category-prekener-ar-b"],"_links":{"self":[{"href":"https:\/\/www.opdacia.org\/index.php?rest_route=\/wp\/v2\/posts\/2554","targetHints":{"allow":["GET"]}}],"collection":[{"href":"https:\/\/www.opdacia.org\/index.php?rest_route=\/wp\/v2\/posts"}],"about":[{"href":"https:\/\/www.opdacia.org\/index.php?rest_route=\/wp\/v2\/types\/post"}],"author":[{"embeddable":true,"href":"https:\/\/www.opdacia.org\/index.php?rest_route=\/wp\/v2\/users\/3"}],"replies":[{"embeddable":true,"href":"https:\/\/www.opdacia.org\/index.php?rest_route=%2Fwp%2Fv2%2Fcomments&post=2554"}],"version-history":[{"count":3,"href":"https:\/\/www.opdacia.org\/index.php?rest_route=\/wp\/v2\/posts\/2554\/revisions"}],"predecessor-version":[{"id":2559,"href":"https:\/\/www.opdacia.org\/index.php?rest_route=\/wp\/v2\/posts\/2554\/revisions\/2559"}],"wp:attachment":[{"href":"https:\/\/www.opdacia.org\/index.php?rest_route=%2Fwp%2Fv2%2Fmedia&parent=2554"}],"wp:term":[{"taxonomy":"category","embeddable":true,"href":"https:\/\/www.opdacia.org\/index.php?rest_route=%2Fwp%2Fv2%2Fcategories&post=2554"},{"taxonomy":"post_tag","embeddable":true,"href":"https:\/\/www.opdacia.org\/index.php?rest_route=%2Fwp%2Fv2%2Ftags&post=2554"}],"curies":[{"name":"wp","href":"https:\/\/api.w.org\/{rel}","templated":true}]}}