{"id":2886,"date":"2017-01-28T14:03:54","date_gmt":"2017-01-28T13:03:54","guid":{"rendered":"http:\/\/opdacia.org\/?p=2886"},"modified":"2017-01-28T14:07:07","modified_gmt":"2017-01-28T13:07:07","slug":"oslo-800-arsjubileet-avsluttet-med-fremtidsperspektiv-bonn-og-fellesskap","status":"publish","type":"post","link":"https:\/\/www.opdacia.org\/?p=2886","title":{"rendered":"Oslo: 800-\u00e5rsjubileet avsluttet med fremtidsperspektiv, b\u00f8nn og fellesskap"},"content":{"rendered":"<p><a href=\"http:\/\/www.opdacia.org\/wp-content\/uploads\/2017\/01\/OP-familie-Oslo.jpg\" rel=\"attachment wp-att-2890\"><img loading=\"lazy\" decoding=\"async\" class=\"alignright size-medium wp-image-2890\" src=\"http:\/\/www.opdacia.org\/wp-content\/uploads\/2017\/01\/OP-familie-Oslo-300x141.jpg\" alt=\"OP familie Oslo\" width=\"300\" height=\"141\" srcset=\"https:\/\/www.opdacia.org\/wp-content\/uploads\/2017\/01\/OP-familie-Oslo-300x141.jpg 300w, https:\/\/www.opdacia.org\/wp-content\/uploads\/2017\/01\/OP-familie-Oslo-768x360.jpg 768w, https:\/\/www.opdacia.org\/wp-content\/uploads\/2017\/01\/OP-familie-Oslo-1024x480.jpg 1024w, https:\/\/www.opdacia.org\/wp-content\/uploads\/2017\/01\/OP-familie-Oslo-500x234.jpg 500w, https:\/\/www.opdacia.org\/wp-content\/uploads\/2017\/01\/OP-familie-Oslo.jpg 1316w\" sizes=\"auto, (max-width: 300px) 100vw, 300px\" \/><\/a>Etter \u00e5 ha feiret dominikanerordenens 800 \u00e5r i hele 2016 kom den dominikanske familie i Oslo sammen l\u00f8rdag den 21. januar 2017 for \u00e5 diskutere veien videre, be sammen og ha en familiefest. Og familien, det er br\u00f8drene i St. Dominikus kloster, s\u00f8strene p\u00e5 Lunden og Sta Katarinahjemmet og legdominikanerne.<\/p>\n<p>Vi startet med et seminar over sp\u00f8rsm\u00e5let &#8220;Quo vadis?&#8221;. Sr Agnes David Lalu OP satte tankene i sving med innlegget <a href=\"http:\/\/stdominikus.katolsk.no\/wp-content\/uploads\/2017\/01\/170121-talk-by-Agnes-David-Lalu.pdf\">Quo vadis? Dominikansk fremtidsperspektiv<\/a>. Frater Ellert Dahl OP utviklet emnet videre i sitt <a href=\"http:\/\/stdominikus.katolsk.no\/wp-content\/uploads\/2017\/01\/170121-sammendrag-av-pater-Ellert-Dahls-foredrag-i-anledning-jubileumsavslutningen-21-januar.pdf\">innlegg, se sammendrag av frater Haavar Simon Nilsen OP<\/a>.<!--more--><\/p>\n<p>Etter innleggene var det samtale i plenum. Som utgangspunkt hadde vi det sp\u00f8rsm\u00e5let som sr. Agnes startet med:<\/p>\n<p><em>Looking back at the past year, which Dominican value do you experience most alive and real in your heart\/life today?<\/em><\/p>\n<p>Mange benyttet sjansen til \u00e5 ta ordet, og her er noen dominikanske verdier som ble l\u00f8ftet frem:<\/p>\n<ul>\n<li><em>S\u00e5 vakkert at vi er alle grenene, er sammen og hjelper hverandre, i vennskap &#8211; tenk at det skulle v\u00e6re s\u00e5 vakkert \u00e5 komme til Norge, takk til dere alle!<\/em><\/li>\n<li><em>Viktigst for meg er forkynnelsen &#8211; ogs\u00e5 at s\u00f8stre og legfolk deltar i den.<\/em><\/li>\n<li><em>Friheten &#8211; \u00e5 bli brukt av Gud, ikke bli satt i b\u00e5s, ikke m\u00e5tte leve opp til andres forventninger, men v\u00e6re den man er. Og at alle blir st\u00f8ttet av det, uten sjalusi &#8211; bare slippe taket i alt annet!<\/em><\/li>\n<li><em>At aktiviteten skal springe ut av kontemplasjonens kildevell, jfr. konstitusjonene.<\/em><\/li>\n<li><em>Friheten er det mest sentrale i OP-arven for meg. Og som frater Ellert sa en gang: Som forkynner blir man ikke gammel, for Ordet er alltid nytt!<\/em><\/li>\n<li><em>Viktigst for meg er at de dominikanske idealene kommer tydelig frem.<\/em><\/li>\n<li><em>Det viktigste for meg er at det dominikanske er et gjenskinn av den universelle kirke &#8211; denne forsamlingen gjenspeiler dette.<\/em><\/li>\n<li><em>Kontemplasjonen &#8211; retretter er bra, s\u00e6rlig for oss legdominikanere.<\/em><\/li>\n<li><em>Frimodighet.<\/em><\/li>\n<li><em>Lectio divina &#8211; refleksjon over Ordet i v\u00e5rt daglige og praktiske liv.<\/em><\/li>\n<li><em>Veritas &#8211; i trosgrunnlaget f\u00f8rst og fremst, men ogs\u00e5 i all kontemplasjon, formidling, kommunikasjon, forst\u00e5else, medmenneskelighet, gjensidig respekt, nestekj\u00e6rlighet, verdighet, mot til \u00e5 se med Guds \u00f8yne.<\/em><\/li>\n<li><em>Hvilket Gudsbilde forkynner vi? Det sier samtidig mye om menneskesynet. Dette henger sammen. Holde frem det sanne Gudsbildet!<\/em><\/li>\n<\/ul>\n<p>Etter seminaret var det sakramentstilbedelse, messe, vesper og fest, og alt dette kan du lese mer om i andre innlegg:<\/p>\n<p><a href=\"http:\/\/stdominikus.katolsk.no\/800-ars-jubileumsavslutning\/\">Br\u00f8drenes nettsider<\/a><\/p>\n<p><a href=\"http:\/\/lunden.katolsk.no\/2017\/01\/avslutningen-av-dominikanerordenens-jubileum\/\">Lundens nettsider<\/a><\/p>\n<p><a href=\"http:\/\/katarinahjemmet.katolsk.no\/index.php\/2017\/01\/22\/3125\/\">Sta Katarinahjemmets nettsider<\/a><\/p>\n<p>&nbsp;<\/p>\n<p>&nbsp;<\/p>\n<p>&nbsp;<\/p>\n","protected":false},"excerpt":{"rendered":"<p>Etter \u00e5 ha feiret dominikanerordenens 800 \u00e5r i hele 2016 kom den dominikanske familie i Oslo sammen l\u00f8rdag den 21. januar 2017 for \u00e5 diskutere veien videre, be sammen og ha en familiefest. Og familien, det er br\u00f8drene i St. &hellip; <a href=\"https:\/\/www.opdacia.org\/?p=2886\">Les videre <span class=\"meta-nav\">&rarr;<\/span><\/a><\/p>\n","protected":false},"author":3,"featured_media":0,"comment_status":"open","ping_status":"open","sticky":false,"template":"","format":"standard","meta":{"footnotes":"","_links_to":"","_links_to_target":""},"categories":[34,26,27,33,4,28],"tags":[],"class_list":["post-2886","post","type-post","status-publish","format-standard","hentry","category-apostolat","category-dominikanerorderen","category-dominikansk-historie","category-forkynnelse","category-kall","category-op-800-ar"],"_links":{"self":[{"href":"https:\/\/www.opdacia.org\/index.php?rest_route=\/wp\/v2\/posts\/2886","targetHints":{"allow":["GET"]}}],"collection":[{"href":"https:\/\/www.opdacia.org\/index.php?rest_route=\/wp\/v2\/posts"}],"about":[{"href":"https:\/\/www.opdacia.org\/index.php?rest_route=\/wp\/v2\/types\/post"}],"author":[{"embeddable":true,"href":"https:\/\/www.opdacia.org\/index.php?rest_route=\/wp\/v2\/users\/3"}],"replies":[{"embeddable":true,"href":"https:\/\/www.opdacia.org\/index.php?rest_route=%2Fwp%2Fv2%2Fcomments&post=2886"}],"version-history":[{"count":7,"href":"https:\/\/www.opdacia.org\/index.php?rest_route=\/wp\/v2\/posts\/2886\/revisions"}],"predecessor-version":[{"id":2894,"href":"https:\/\/www.opdacia.org\/index.php?rest_route=\/wp\/v2\/posts\/2886\/revisions\/2894"}],"wp:attachment":[{"href":"https:\/\/www.opdacia.org\/index.php?rest_route=%2Fwp%2Fv2%2Fmedia&parent=2886"}],"wp:term":[{"taxonomy":"category","embeddable":true,"href":"https:\/\/www.opdacia.org\/index.php?rest_route=%2Fwp%2Fv2%2Fcategories&post=2886"},{"taxonomy":"post_tag","embeddable":true,"href":"https:\/\/www.opdacia.org\/index.php?rest_route=%2Fwp%2Fv2%2Ftags&post=2886"}],"curies":[{"name":"wp","href":"https:\/\/api.w.org\/{rel}","templated":true}]}}