{"id":2896,"date":"2017-04-04T16:07:52","date_gmt":"2017-04-04T15:07:52","guid":{"rendered":"http:\/\/opdacia.org\/?p=2896"},"modified":"2017-04-05T13:10:53","modified_gmt":"2017-04-05T12:10:53","slug":"gregorianske-melodier-for-fastetiden","status":"publish","type":"post","link":"https:\/\/www.opdacia.org\/?p=2896","title":{"rendered":"Gregorianske melodier for fastetiden"},"content":{"rendered":"<p><a href=\"http:\/\/www.opdacia.org\/wp-content\/uploads\/2017\/04\/Media_vita-dominican.png\" rel=\"attachment wp-att-2900\"><img loading=\"lazy\" decoding=\"async\" class=\"alignright size-medium wp-image-2900\" src=\"http:\/\/www.opdacia.org\/wp-content\/uploads\/2017\/04\/Media_vita-dominican-192x300.png\" alt=\"Media_vita-dominican\" width=\"192\" height=\"300\" srcset=\"https:\/\/www.opdacia.org\/wp-content\/uploads\/2017\/04\/Media_vita-dominican-192x300.png 192w, https:\/\/www.opdacia.org\/wp-content\/uploads\/2017\/04\/Media_vita-dominican.png 461w\" sizes=\"auto, (max-width: 192px) 100vw, 192px\" \/><\/a>\u00c5 synge dagens siste tideb\u00f8nn, kompletorium, er en rolig og fredfylt m\u00e5te \u00e5 avslutte dagen p\u00e5. I fastetiden er den s\u00e6rlig vakker med egne gregorianske hymner, responsorier og antifoner: hymnen <em><a href=\"http:\/\/www3.cpdl.org\/wiki\/index.php\/Christe_qui_lux_es_et_dies\">Christe, qui lux es et dies<\/a><\/em>, responsoriene <em><a href=\"http:\/\/www2.cpdl.org\/wiki\/index.php\/In_pace,_in_idipsum\">In pace<\/a><\/em> og <em><a href=\"http:\/\/www0.cpdl.org\/wiki\/index.php\/Media_vita_in_morte_sumus\">Media vita<\/a><\/em> og antifonene <em>Evigila super nos<\/em> og <em>O Rex gloriose<\/em>.<\/p>\n<p><em>Media vita in morte sumus<\/em> peker fram mot langfredagsliturgien, der noen av de samme ordene kommer igjen: <em>Sancte Deus, sancte fortis, sancte et misericors Salvator&#8230;<\/em> Du kan <a href=\"https:\/\/www.youtube.com\/watch?v=__L2uoCXUfc\">h\u00f8re dominikanerbr\u00f8dre i Oxford synge den p\u00e5 Youtube<\/a>.<\/p>\n<p>Alle melodiene finnes i den nye samlingen <a href=\"http:\/\/katarinahjemmet.katolsk.no\/index.php\/2017\/02\/17\/vi-skal-prise-var-gud-med-sang\/\">Cantus selecti OP<\/a> med dominikansk gregoriansk musikk for alle \u00e5rets liturgiske tider. Det er ogs\u00e5 innspillinger \u00e5 f\u00e5 tak i, blant annet CDen\u00a0<a href=\"http:\/\/www.allmusic.com\/album\/release\/gregorian-chant-dominican-liturgy-mr0002700020\">Gregorien Chant &#8211; Dominican Liturgy<\/a>.<\/p>\n","protected":false},"excerpt":{"rendered":"<p>\u00c5 synge dagens siste tideb\u00f8nn, kompletorium, er en rolig og fredfylt m\u00e5te \u00e5 avslutte dagen p\u00e5. I fastetiden er den s\u00e6rlig vakker med egne gregorianske hymner, responsorier og antifoner: hymnen Christe, qui lux es et dies, responsoriene In pace og &hellip; <a href=\"https:\/\/www.opdacia.org\/?p=2896\">Les videre <span class=\"meta-nav\">&rarr;<\/span><\/a><\/p>\n","protected":false},"author":3,"featured_media":0,"comment_status":"open","ping_status":"open","sticky":false,"template":"","format":"standard","meta":{"footnotes":"","_links_to":"","_links_to_target":""},"categories":[26,24],"tags":[],"class_list":["post-2896","post","type-post","status-publish","format-standard","hentry","category-dominikanerorderen","category-kunst-og-musikk"],"_links":{"self":[{"href":"https:\/\/www.opdacia.org\/index.php?rest_route=\/wp\/v2\/posts\/2896","targetHints":{"allow":["GET"]}}],"collection":[{"href":"https:\/\/www.opdacia.org\/index.php?rest_route=\/wp\/v2\/posts"}],"about":[{"href":"https:\/\/www.opdacia.org\/index.php?rest_route=\/wp\/v2\/types\/post"}],"author":[{"embeddable":true,"href":"https:\/\/www.opdacia.org\/index.php?rest_route=\/wp\/v2\/users\/3"}],"replies":[{"embeddable":true,"href":"https:\/\/www.opdacia.org\/index.php?rest_route=%2Fwp%2Fv2%2Fcomments&post=2896"}],"version-history":[{"count":5,"href":"https:\/\/www.opdacia.org\/index.php?rest_route=\/wp\/v2\/posts\/2896\/revisions"}],"predecessor-version":[{"id":2902,"href":"https:\/\/www.opdacia.org\/index.php?rest_route=\/wp\/v2\/posts\/2896\/revisions\/2902"}],"wp:attachment":[{"href":"https:\/\/www.opdacia.org\/index.php?rest_route=%2Fwp%2Fv2%2Fmedia&parent=2896"}],"wp:term":[{"taxonomy":"category","embeddable":true,"href":"https:\/\/www.opdacia.org\/index.php?rest_route=%2Fwp%2Fv2%2Fcategories&post=2896"},{"taxonomy":"post_tag","embeddable":true,"href":"https:\/\/www.opdacia.org\/index.php?rest_route=%2Fwp%2Fv2%2Ftags&post=2896"}],"curies":[{"name":"wp","href":"https:\/\/api.w.org\/{rel}","templated":true}]}}