{"id":2977,"date":"2017-12-01T15:29:25","date_gmt":"2017-12-01T14:29:25","guid":{"rendered":"http:\/\/opdacia.org\/?p=2977"},"modified":"2017-12-01T15:29:25","modified_gmt":"2017-12-01T14:29:25","slug":"bruno-cadore-la-desember-bli-en-dominikansk-maned-for-fred","status":"publish","type":"post","link":"https:\/\/www.opdacia.org\/?p=2977","title":{"rendered":"Bruno Cador\u00e9: &#8211; La desember bli en dominikansk m\u00e5ned for fred!"},"content":{"rendered":"<p><a href=\"http:\/\/www.opdacia.org\/wp-content\/uploads\/2017\/12\/OP-fredsm\u00e5neden-desember.jpg\" rel=\"attachment wp-att-2980\"><img loading=\"lazy\" decoding=\"async\" class=\"alignright size-medium wp-image-2980\" src=\"http:\/\/www.opdacia.org\/wp-content\/uploads\/2017\/12\/OP-fredsm\u00e5neden-desember-300x145.jpg\" alt=\"OP-fredsm\u00e5neden desember\" width=\"300\" height=\"145\" srcset=\"https:\/\/www.opdacia.org\/wp-content\/uploads\/2017\/12\/OP-fredsm\u00e5neden-desember-300x145.jpg 300w, https:\/\/www.opdacia.org\/wp-content\/uploads\/2017\/12\/OP-fredsm\u00e5neden-desember.jpg 600w, https:\/\/www.opdacia.org\/wp-content\/uploads\/2017\/12\/OP-fredsm\u00e5neden-desember-500x241.jpg 500w\" sizes=\"auto, (max-width: 300px) 100vw, 300px\" \/><\/a>Dominikanernes ordensmagister kommer med denne oppfordringen i et brev til alle ordensgrenene &#8211; <a href=\"http:\/\/www.op.org\/en\/content\/dominican-month-peace-letter-master-order-all-members-dominican-family\">Dominican Month for Peace: Letter of the Master of the Order to all the members of the Dominican Family<\/a>.<\/p>\n<p>Et sentralt tema i det jubileums\u00e5ret vi har lagt bak oss, var betydningen av \u00e5 v\u00e6re forkjempere for fred, som Dominikus var. Dette er viktig i en verden som splittes av ulike former for vold og krig. I mange land lever folk i en hard virkelighet som skaper frykt, usikkerhet, lidelse, d\u00f8d og oppl\u00f8sning av sosiale fellesskap og samfunn.<\/p>\n<p>Mange dominikanske br\u00f8dre og s\u00f8stre er engasjert i arbeidet med \u00e5 bringe h\u00e5p inn i slike situasjoner. Ordensmagisteren \u00f8nsker \u00e5 fremme en global solidaritet for slikt arbeid ved at vi setter av en fast periode hvert \u00e5r til \u00e5 be spesielt for fred og st\u00f8tte et konkret fredsprosjekt.<\/p>\n<p>Den faste perioden i \u00e5ret skal v\u00e6re desember m\u00e5ned. Desember starter med adventstiden, som er tiden da vi venter p\u00e5 Fredsfyrsten, og varer til 1. januar, som er Kirkens dag for fred. Her p\u00e5 opdacia-siden vil vi f\u00f8lge opp med stoff om temaet i disse ukene.<\/p>\n<p>Det konkrete fredsprosjektet og fokus for v\u00e5r solidaritet i 2017 er Columbia. Vi kan st\u00f8tte dominikanernes arbeid der med b\u00f8nn, forkynnelse, \u00f8konomiske bidrag og p\u00e5 andre m\u00e5ter, se brevet fra ordensmagisteren. Du kan ogs\u00e5 lese om prosjektet i to informasjonsbrosjyrer: <a href=\"http:\/\/www.op.org\/sites\/www.op.org\/files\/public\/documents\/fichier\/3-pamphlet_peace_in_colombia-c.pdf\">Appeal to the Order to contribute towards a Columbia that is reconciled and at peace<\/a>\u00a0og <a href=\"http:\/\/www.op.org\/sites\/www.op.org\/files\/public\/documents\/fichier\/3-testimonies_of_victims.pdf\">Testimonies of the victims of the armed conflict Catatumbo<\/a>. Skriv gjerne ut brosjyrene og del dem med andre!<\/p>\n<p>&nbsp;<\/p>\n","protected":false},"excerpt":{"rendered":"<p>Dominikanernes ordensmagister kommer med denne oppfordringen i et brev til alle ordensgrenene &#8211; Dominican Month for Peace: Letter of the Master of the Order to all the members of the Dominican Family. Et sentralt tema i det jubileums\u00e5ret vi har &hellip; <a href=\"https:\/\/www.opdacia.org\/?p=2977\">Les videre <span class=\"meta-nav\">&rarr;<\/span><\/a><\/p>\n","protected":false},"author":3,"featured_media":0,"comment_status":"open","ping_status":"open","sticky":false,"template":"","format":"standard","meta":{"footnotes":"","_links_to":"","_links_to_target":""},"categories":[34,26,33,35],"tags":[],"class_list":["post-2977","post","type-post","status-publish","format-standard","hentry","category-apostolat","category-dominikanerorderen","category-forkynnelse","category-kirkens-sosiallaere"],"_links":{"self":[{"href":"https:\/\/www.opdacia.org\/index.php?rest_route=\/wp\/v2\/posts\/2977","targetHints":{"allow":["GET"]}}],"collection":[{"href":"https:\/\/www.opdacia.org\/index.php?rest_route=\/wp\/v2\/posts"}],"about":[{"href":"https:\/\/www.opdacia.org\/index.php?rest_route=\/wp\/v2\/types\/post"}],"author":[{"embeddable":true,"href":"https:\/\/www.opdacia.org\/index.php?rest_route=\/wp\/v2\/users\/3"}],"replies":[{"embeddable":true,"href":"https:\/\/www.opdacia.org\/index.php?rest_route=%2Fwp%2Fv2%2Fcomments&post=2977"}],"version-history":[{"count":4,"href":"https:\/\/www.opdacia.org\/index.php?rest_route=\/wp\/v2\/posts\/2977\/revisions"}],"predecessor-version":[{"id":2982,"href":"https:\/\/www.opdacia.org\/index.php?rest_route=\/wp\/v2\/posts\/2977\/revisions\/2982"}],"wp:attachment":[{"href":"https:\/\/www.opdacia.org\/index.php?rest_route=%2Fwp%2Fv2%2Fmedia&parent=2977"}],"wp:term":[{"taxonomy":"category","embeddable":true,"href":"https:\/\/www.opdacia.org\/index.php?rest_route=%2Fwp%2Fv2%2Fcategories&post=2977"},{"taxonomy":"post_tag","embeddable":true,"href":"https:\/\/www.opdacia.org\/index.php?rest_route=%2Fwp%2Fv2%2Ftags&post=2977"}],"curies":[{"name":"wp","href":"https:\/\/api.w.org\/{rel}","templated":true}]}}