{"id":2984,"date":"2017-12-10T08:58:10","date_gmt":"2017-12-10T07:58:10","guid":{"rendered":"http:\/\/opdacia.org\/?p=2984"},"modified":"2019-01-23T21:28:24","modified_gmt":"2019-01-23T20:28:24","slug":"dominikanske-bonner-for-fred","status":"publish","type":"post","link":"https:\/\/www.opdacia.org\/?p=2984","title":{"rendered":"Dominikanske b\u00f8nner for fred"},"content":{"rendered":"<p><a href=\"http:\/\/www.opdacia.org\/wp-content\/uploads\/2017\/12\/Adventretrett-2017-Lunden-1-e1512871559276.jpg\" rel=\"attachment wp-att-2986\"><img loading=\"lazy\" decoding=\"async\" class=\"alignleft wp-image-2986 size-medium\" src=\"http:\/\/www.opdacia.org\/wp-content\/uploads\/2017\/12\/Adventretrett-2017-Lunden-1-e1512892634832-297x300.jpg\" alt=\"Adventretrett 2017 Lunden 1\" width=\"297\" height=\"300\" srcset=\"https:\/\/www.opdacia.org\/wp-content\/uploads\/2017\/12\/Adventretrett-2017-Lunden-1-e1512892634832-297x300.jpg 297w, https:\/\/www.opdacia.org\/wp-content\/uploads\/2017\/12\/Adventretrett-2017-Lunden-1-e1512892634832-768x777.jpg 768w, https:\/\/www.opdacia.org\/wp-content\/uploads\/2017\/12\/Adventretrett-2017-Lunden-1-e1512892634832-1012x1024.jpg 1012w\" sizes=\"auto, (max-width: 297px) 100vw, 297px\" \/><\/a><\/p>\n<p>I dominikanerordenen er <a href=\"http:\/\/www.opdacia.org\/?p=2977\">desember en m\u00e5ned for fred<\/a>. Ordensmagisteren, Bruno Cador\u00e9, har oppfordret br\u00f8dre og s\u00f8stre i alle ordensgrener til \u00e5 sette av disse ukene til b\u00f8nn for alt fredsarbeid generelt og for et utvalgt prosjekt spesielt. I \u00e5r er prosjektet i <a href=\"http:\/\/www.op.org\/sites\/www.op.org\/files\/public\/documents\/fichier\/3-pamphlet_peace_in_colombia-c.pdf\">Columbia<\/a>. Alle kommuniteter og fraterniteter er bedt om \u00e5 organisere minst \u00e9n b\u00f8nnegudstjeneste og eukaristi for fred og forsoning i desember.<\/p>\n<p><a href=\"http:\/\/www.opdacia.org\/wp-content\/uploads\/2017\/12\/Adventretrett-2017-Lunden-2.jpg\" rel=\"attachment wp-att-2985\"><img loading=\"lazy\" decoding=\"async\" class=\"alignright size-medium wp-image-2985\" src=\"http:\/\/www.opdacia.org\/wp-content\/uploads\/2017\/12\/Adventretrett-2017-Lunden-2-300x225.jpg\" alt=\"Adventretrett 2017 Lunden 2\" width=\"300\" height=\"225\" srcset=\"https:\/\/www.opdacia.org\/wp-content\/uploads\/2017\/12\/Adventretrett-2017-Lunden-2-300x225.jpg 300w, https:\/\/www.opdacia.org\/wp-content\/uploads\/2017\/12\/Adventretrett-2017-Lunden-2-768x576.jpg 768w, https:\/\/www.opdacia.org\/wp-content\/uploads\/2017\/12\/Adventretrett-2017-Lunden-2-1024x768.jpg 1024w, https:\/\/www.opdacia.org\/wp-content\/uploads\/2017\/12\/Adventretrett-2017-Lunden-2-400x300.jpg 400w\" sizes=\"auto, (max-width: 300px) 100vw, 300px\" \/><\/a>I Oslo skjedde dette denne helgen, da legdominikanerne var samlet til retrett hos dominikanerinnene i Lunden kloster. Vi startet retretten med en felles messe feiret av legdominikanenes ordensassistent, frater Arne Fjeld OP. Vi ba for fred i Columbia og i hele verden.<\/p>\n<p>I forbindelse med innf\u00f8ring av fredsm\u00e5neden desember har dominikanerordenens <a href=\"http:\/\/www.op.org\/en\/content\/institution-liturgical-commission-order-preachers\">liturgikommisjon<\/a> utarbeidet <a href=\"http:\/\/www.op.org\/en\/content\/dominican-prayers-peace-advent-2017-0\">to b\u00f8nner<\/a>. De er \u00e5 finne i sin helhet p\u00e5 ordenens nettside www.op.org. Her er noen avsnitt:<\/p>\n<p><em>With Dominic, Catherine, <a href=\"https:\/\/en.wikipedia.org\/wiki\/Antonio_de_Montesinos\">Antonio de Montesinos<\/a> and <a href=\"https:\/\/en.wikipedia.org\/wiki\/Bartolom%C3%A9_de_las_Casas\">Bartolomeo de las Casas<\/a> as guides, make ready the way in us that we might call others to freedom and to renewed faith.<\/em><\/p>\n<p class=\"rtejustify\"><em>In Advent, as we prepare for the Incarnation of your Son, the wounded healer, call us from the preoccupations with our own histories and hurts to the daily tasks of peacemaking, from privilege and protocol to partnership and pilgrimage, from isolation and insularity to inclusive community where the refugee and the immigrant find a welcome and a home.<\/em><\/p>\n<p class=\"rtejustify\"><em>\u00a0\u00a0\u00a0\u00a0\u00a0\u00a0\u00a0\u00a0\u00a0\u00a0\u00a0 Transforming Holy Spirit, you call us from fear to faithfulness, from clutter to clarity, from a desire to control to a deeper trust, from the refusal to love to a readiness to risk.<\/em><\/p>\n<p class=\"rtejustify\"><em>Come and be born in us a-new!<\/em><\/p>\n<p class=\"rtejustify\"><em>Amen<\/em><\/p>\n","protected":false},"excerpt":{"rendered":"<p>I dominikanerordenen er desember en m\u00e5ned for fred. Ordensmagisteren, Bruno Cador\u00e9, har oppfordret br\u00f8dre og s\u00f8stre i alle ordensgrener til \u00e5 sette av disse ukene til b\u00f8nn for alt fredsarbeid generelt og for et utvalgt prosjekt spesielt. I \u00e5r er &hellip; <a href=\"https:\/\/www.opdacia.org\/?p=2984\">Les videre <span class=\"meta-nav\">&rarr;<\/span><\/a><\/p>\n","protected":false},"author":3,"featured_media":0,"comment_status":"open","ping_status":"open","sticky":false,"template":"","format":"standard","meta":{"footnotes":"","_links_to":"","_links_to_target":""},"categories":[34,36,26,35],"tags":[],"class_list":["post-2984","post","type-post","status-publish","format-standard","hentry","category-apostolat","category-bonn","category-dominikanerorderen","category-kirkens-sosiallaere"],"_links":{"self":[{"href":"https:\/\/www.opdacia.org\/index.php?rest_route=\/wp\/v2\/posts\/2984","targetHints":{"allow":["GET"]}}],"collection":[{"href":"https:\/\/www.opdacia.org\/index.php?rest_route=\/wp\/v2\/posts"}],"about":[{"href":"https:\/\/www.opdacia.org\/index.php?rest_route=\/wp\/v2\/types\/post"}],"author":[{"embeddable":true,"href":"https:\/\/www.opdacia.org\/index.php?rest_route=\/wp\/v2\/users\/3"}],"replies":[{"embeddable":true,"href":"https:\/\/www.opdacia.org\/index.php?rest_route=%2Fwp%2Fv2%2Fcomments&post=2984"}],"version-history":[{"count":16,"href":"https:\/\/www.opdacia.org\/index.php?rest_route=\/wp\/v2\/posts\/2984\/revisions"}],"predecessor-version":[{"id":3210,"href":"https:\/\/www.opdacia.org\/index.php?rest_route=\/wp\/v2\/posts\/2984\/revisions\/3210"}],"wp:attachment":[{"href":"https:\/\/www.opdacia.org\/index.php?rest_route=%2Fwp%2Fv2%2Fmedia&parent=2984"}],"wp:term":[{"taxonomy":"category","embeddable":true,"href":"https:\/\/www.opdacia.org\/index.php?rest_route=%2Fwp%2Fv2%2Fcategories&post=2984"},{"taxonomy":"post_tag","embeddable":true,"href":"https:\/\/www.opdacia.org\/index.php?rest_route=%2Fwp%2Fv2%2Ftags&post=2984"}],"curies":[{"name":"wp","href":"https:\/\/api.w.org\/{rel}","templated":true}]}}