{"id":3016,"date":"2017-12-30T19:36:53","date_gmt":"2017-12-30T18:36:53","guid":{"rendered":"http:\/\/opdacia.org\/?p=3016"},"modified":"2019-01-23T21:19:14","modified_gmt":"2019-01-23T20:19:14","slug":"enhet-i-mangfold","status":"publish","type":"post","link":"https:\/\/www.opdacia.org\/?p=3016","title":{"rendered":"Enhet i mangfold"},"content":{"rendered":"<p><a href=\"http:\/\/www.opdacia.org\/wp-content\/uploads\/2017\/12\/OP-fredsm\u00e5neden-desember.jpg\" rel=\"attachment wp-att-2980\"><img loading=\"lazy\" decoding=\"async\" class=\"alignright size-medium wp-image-2980\" src=\"http:\/\/www.opdacia.org\/wp-content\/uploads\/2017\/12\/OP-fredsm\u00e5neden-desember-300x145.jpg\" alt=\"OP-fredsm\u00e5neden desember\" width=\"300\" height=\"145\" srcset=\"https:\/\/www.opdacia.org\/wp-content\/uploads\/2017\/12\/OP-fredsm\u00e5neden-desember-300x145.jpg 300w, https:\/\/www.opdacia.org\/wp-content\/uploads\/2017\/12\/OP-fredsm\u00e5neden-desember.jpg 600w, https:\/\/www.opdacia.org\/wp-content\/uploads\/2017\/12\/OP-fredsm\u00e5neden-desember-500x241.jpg 500w\" sizes=\"auto, (max-width: 300px) 100vw, 300px\" \/><\/a>Dominikanerordenens fredsm\u00e5ned er desember. Dette har preget nettsiden v\u00e5r de siste ukene, med innlegg om ordenens nyskrevne fredsb\u00f8nner, fredsprosjektet i Columbia og tanker av Pierre Claverie og Katarina av Siena om det \u00e5 skape fred.<\/p>\n<p>Vi \u00f8nsker \u00e5 avslutte med et emne fra hjertet av dominikanerordenen, et prinsipp som har inspirert mange br\u00f8dre, s\u00f8stre og legdominikanere til \u00e5 gj\u00f8re en spesiell innsats for rettferdighet og fred: ordenens demokratiske styresett, m\u00e5ten kommunitetene og ordenen sentralt ledes p\u00e5. Det ble nedfelt i de f\u00f8rste konstitusjonene og har preget ordenen siden. Her har alle medlemmene en stemme, og alles synspunkter skal lyttes til f\u00f8r fellesskapet kommer til enighet om en beslutning til det felles beste.<\/p>\n<div id=\"attachment_3021\" style=\"width: 160px\" class=\"wp-caption alignleft\"><a href=\"http:\/\/www.opdacia.org\/wp-content\/uploads\/2017\/12\/Timothy_-Radcliffe-OP.jpg\"><img loading=\"lazy\" decoding=\"async\" aria-describedby=\"caption-attachment-3021\" class=\"size-thumbnail wp-image-3021\" src=\"http:\/\/www.opdacia.org\/wp-content\/uploads\/2017\/12\/Timothy_-Radcliffe-OP-150x150.jpg\" alt=\"\" width=\"150\" height=\"150\" \/><\/a><p id=\"caption-attachment-3021\" class=\"wp-caption-text\">Timothy Radcliffe OP<\/p><\/div>\n<p>Timothy Radcliffe kaller dette &#8220;a spirituality of government&#8221;. Med hans egne ord:<\/p>\n<p><em>A true understanding of what it means to be human, live in a community and obey God&#8217;s will belongs to the construction of a just society. (&#8230;) Justice and peace can never be a private and individual commitment. (&#8230;) A way of life which is founded upon a search for the common good, through debate and discussion in the Chapter, is likely to give a particular colouring to the Dominican conception of justice as the building of community. (&#8230;) In the Dominican tradition union is not identified with uniformity,\u00a0and communion gives space for diversity.<\/em> (Fra forordet i <a href=\"https:\/\/www.amazon.com\/Justice-Peace-Dominicans-1216-2001-2001-05-04\/dp\/B01FIXU4TU\">Justice, peace and Dominicans 1216 &#8211; 2001<\/a><a href=\"https:\/\/www.amazon.com\/Justice-Peace-Dominicans-1216-2001-2001-05-04\/dp\/B01FIXU4TU\">, Dominican Publications 2001<\/a>)<\/p>\n<p>L\u00e6r gjerne mer om dette i Timothy Radciffes brev til ordenen: <a href=\"http:\/\/www.dominicans.ca\/Documents\/masters\/Radcliffe\/government.html\">Freedom and responsibility: Towards a spirituality of government<\/a> og hans videoforedrag <a href=\"https:\/\/www.youtube.com\/watch?v=nM5mmUFCDFM\">The spirituality of Dominican government<\/a>.<\/p>\n<p>&nbsp;<\/p>\n","protected":false},"excerpt":{"rendered":"<p>Dominikanerordenens fredsm\u00e5ned er desember. Dette har preget nettsiden v\u00e5r de siste ukene, med innlegg om ordenens nyskrevne fredsb\u00f8nner, fredsprosjektet i Columbia og tanker av Pierre Claverie og Katarina av Siena om det \u00e5 skape fred. Vi \u00f8nsker \u00e5 avslutte med &hellip; <a href=\"https:\/\/www.opdacia.org\/?p=3016\">Les videre <span class=\"meta-nav\">&rarr;<\/span><\/a><\/p>\n","protected":false},"author":3,"featured_media":0,"comment_status":"open","ping_status":"open","sticky":false,"template":"","format":"standard","meta":{"footnotes":"","_links_to":"","_links_to_target":""},"categories":[34,35],"tags":[],"class_list":["post-3016","post","type-post","status-publish","format-standard","hentry","category-apostolat","category-kirkens-sosiallaere"],"_links":{"self":[{"href":"https:\/\/www.opdacia.org\/index.php?rest_route=\/wp\/v2\/posts\/3016","targetHints":{"allow":["GET"]}}],"collection":[{"href":"https:\/\/www.opdacia.org\/index.php?rest_route=\/wp\/v2\/posts"}],"about":[{"href":"https:\/\/www.opdacia.org\/index.php?rest_route=\/wp\/v2\/types\/post"}],"author":[{"embeddable":true,"href":"https:\/\/www.opdacia.org\/index.php?rest_route=\/wp\/v2\/users\/3"}],"replies":[{"embeddable":true,"href":"https:\/\/www.opdacia.org\/index.php?rest_route=%2Fwp%2Fv2%2Fcomments&post=3016"}],"version-history":[{"count":11,"href":"https:\/\/www.opdacia.org\/index.php?rest_route=\/wp\/v2\/posts\/3016\/revisions"}],"predecessor-version":[{"id":3209,"href":"https:\/\/www.opdacia.org\/index.php?rest_route=\/wp\/v2\/posts\/3016\/revisions\/3209"}],"wp:attachment":[{"href":"https:\/\/www.opdacia.org\/index.php?rest_route=%2Fwp%2Fv2%2Fmedia&parent=3016"}],"wp:term":[{"taxonomy":"category","embeddable":true,"href":"https:\/\/www.opdacia.org\/index.php?rest_route=%2Fwp%2Fv2%2Fcategories&post=3016"},{"taxonomy":"post_tag","embeddable":true,"href":"https:\/\/www.opdacia.org\/index.php?rest_route=%2Fwp%2Fv2%2Ftags&post=3016"}],"curies":[{"name":"wp","href":"https:\/\/api.w.org\/{rel}","templated":true}]}}