{"id":3075,"date":"2018-05-20T21:18:32","date_gmt":"2018-05-20T20:18:32","guid":{"rendered":"http:\/\/opdacia.org\/?p=3075"},"modified":"2019-01-24T14:08:04","modified_gmt":"2019-01-24T13:08:04","slug":"dominikansk-pasketid-2018-i-norden","status":"publish","type":"post","link":"https:\/\/www.opdacia.org\/?p=3075","title":{"rendered":"Dominikansk p\u00e5sketid 2018 i Norden"},"content":{"rendered":"<p><a href=\"http:\/\/www.opdacia.org\/wp-content\/uploads\/2018\/05\/P\u00e5skelys-i-St.-Dominikus-kloster-Oslo-e1526849112684.jpg\"><img loading=\"lazy\" decoding=\"async\" class=\"alignright size-thumbnail wp-image-3082\" src=\"http:\/\/www.opdacia.org\/wp-content\/uploads\/2018\/05\/P\u00e5skelys-i-St.-Dominikus-kloster-Oslo-e1526849112684-150x150.jpg\" alt=\"\" width=\"150\" height=\"150\" \/><\/a>P\u00e5sketiden 2018 g\u00e5r mot slutten. Enda en gang\u00a0har vi v\u00e6rt fylt av glede og takk for at &#8220;sjelen igjen er blitt ung&#8221; og at verden &#8220;er blitt som p\u00e5 den f\u00f8rste dag&#8221;. Vi presenterer her noen av de mange dominikanske aktivitetene og begivenhetene i Norden i disse 50 festdagene.\u00a0<!--more--><\/p>\n<p>Forberedelsen er en viktig del av det hele, og klostrene og legdominikaner-fraternitetene hadde fasteretretter. Her nevner vi to eksempler: retretten med tema\u00a0<a href=\"https:\/\/www.studium.fi\/news\/living-the-beatitudes\">&#8220;\u00c5 leve saligprisningene&#8221;<\/a> i Helsinki\u00a0 og refleksjonsdagen om et emne knyttet til <a href=\"http:\/\/katarinahjemmet.katolsk.no\/index.php\/2018\/03\/30\/refleksjonsdag-pa-majorstuen\/\">Thomas Aquinas<\/a> i Oslo.<\/p>\n<p>Fra liturgien i Den stille uke tar vi med <a href=\"http:\/\/stdominikus.katolsk.no\/skjaertorsdag-pater-joseph-mulvin-op\/\">frater Josephs skj\u00e6rtorsdagspreken<\/a> i St. Dominikus kloster i Oslo. P\u00e5 <a href=\"http:\/\/stdominikus.katolsk.no\/category\/prekener\/prekener-ar-b\/\">hjemmesiden til Oslo-br\u00f8drene<\/a> finnes flere lenker til prekener for p\u00e5sketiden.<\/p>\n<p><a href=\"http:\/\/www.opdacia.org\/wp-content\/uploads\/2018\/05\/P\u00e5skefest-1.-p\u00e5skedag-i-St.-Dominikus-kloster-Oslo-e1526848258795.jpg\"><img loading=\"lazy\" decoding=\"async\" class=\"alignright size-thumbnail wp-image-3079\" src=\"http:\/\/www.opdacia.org\/wp-content\/uploads\/2018\/05\/P\u00e5skefest-1.-p\u00e5skedag-i-St.-Dominikus-kloster-Oslo-e1526848258795-150x150.jpg\" alt=\"\" width=\"150\" height=\"150\" \/><\/a>P\u00e5skefeiringen kom med <a href=\"http:\/\/lunden.katolsk.no\/2018\/04\/velsignet-paske\/\">hilsener<\/a>\u00a0og\u00a0fester.<\/p>\n<p>Blant begivenhetene i p\u00e5sketiden nevner vi at s\u00f8stre fra Katarinahjemmet gikk <a href=\"http:\/\/katarinahjemmet.katolsk.no\/index.php\/2018\/04\/30\/a-kjenne-sine-rotter\/\">i Dominikus&#8217; fotspor i Paris<\/a> sammen med andre europeiske dominikaners\u00f8stre, og at s\u00f8strene p\u00e5 Lunden holdt en <a href=\"http:\/\/lunden.katolsk.no\/2018\/04\/halvdagsretrett-for-unge-voksne-i-mai\/\">retrett for unge voksne med emnet &#8220;Med Maria mot pinse&#8221;<\/a>. Les gjerne mer p\u00e5 nettsidene til de enkelte klostrene, som du finner \u00f8verst p\u00e5 denne siden under &#8220;OP i Norden&#8221;.<\/p>\n<p><a href=\"http:\/\/www.opdacia.org\/wp-content\/uploads\/2018\/05\/Vesper-i-St.-Dominikus-kloster-i-Oslo-sr-Sheeba-leser-e1526851820117.jpg\"><img loading=\"lazy\" decoding=\"async\" class=\"alignleft size-thumbnail wp-image-3093\" src=\"http:\/\/www.opdacia.org\/wp-content\/uploads\/2018\/05\/Vesper-i-St.-Dominikus-kloster-i-Oslo-sr-Sheeba-leser-e1526851820117-150x150.jpg\" alt=\"\" width=\"150\" height=\"150\" \/><\/a>Ved slutten av p\u00e5sketiden ber vi denne b\u00f8nnen (laudes l\u00f8rdag f\u00f8r pinse):<\/p>\n<p><em>Allmektige Gud, du som har latt oss feire denne p\u00e5skefest, hjelp oss \u00e5 vitne i liv og gjerning om p\u00e5skens mysterium. Amen<\/em><\/p>\n<p>&nbsp;<\/p>\n<p>&nbsp;<\/p>\n<p>&nbsp;<\/p>\n<p>&nbsp;<\/p>\n<p>&nbsp;<\/p>\n","protected":false},"excerpt":{"rendered":"<p>P\u00e5sketiden 2018 g\u00e5r mot slutten. Enda en gang\u00a0har vi v\u00e6rt fylt av glede og takk for at &#8220;sjelen igjen er blitt ung&#8221; og at verden &#8220;er blitt som p\u00e5 den f\u00f8rste dag&#8221;. Vi presenterer her noen av de mange dominikanske &hellip; <a href=\"https:\/\/www.opdacia.org\/?p=3075\">Les videre <span class=\"meta-nav\">&rarr;<\/span><\/a><\/p>\n","protected":false},"author":3,"featured_media":0,"comment_status":"open","ping_status":"open","sticky":false,"template":"","format":"standard","meta":{"footnotes":"","_links_to":"","_links_to_target":""},"categories":[26],"tags":[],"class_list":["post-3075","post","type-post","status-publish","format-standard","hentry","category-dominikanerorderen"],"_links":{"self":[{"href":"https:\/\/www.opdacia.org\/index.php?rest_route=\/wp\/v2\/posts\/3075","targetHints":{"allow":["GET"]}}],"collection":[{"href":"https:\/\/www.opdacia.org\/index.php?rest_route=\/wp\/v2\/posts"}],"about":[{"href":"https:\/\/www.opdacia.org\/index.php?rest_route=\/wp\/v2\/types\/post"}],"author":[{"embeddable":true,"href":"https:\/\/www.opdacia.org\/index.php?rest_route=\/wp\/v2\/users\/3"}],"replies":[{"embeddable":true,"href":"https:\/\/www.opdacia.org\/index.php?rest_route=%2Fwp%2Fv2%2Fcomments&post=3075"}],"version-history":[{"count":16,"href":"https:\/\/www.opdacia.org\/index.php?rest_route=\/wp\/v2\/posts\/3075\/revisions"}],"predecessor-version":[{"id":3230,"href":"https:\/\/www.opdacia.org\/index.php?rest_route=\/wp\/v2\/posts\/3075\/revisions\/3230"}],"wp:attachment":[{"href":"https:\/\/www.opdacia.org\/index.php?rest_route=%2Fwp%2Fv2%2Fmedia&parent=3075"}],"wp:term":[{"taxonomy":"category","embeddable":true,"href":"https:\/\/www.opdacia.org\/index.php?rest_route=%2Fwp%2Fv2%2Fcategories&post=3075"},{"taxonomy":"post_tag","embeddable":true,"href":"https:\/\/www.opdacia.org\/index.php?rest_route=%2Fwp%2Fv2%2Ftags&post=3075"}],"curies":[{"name":"wp","href":"https:\/\/api.w.org\/{rel}","templated":true}]}}