{"id":3131,"date":"2018-09-13T13:05:08","date_gmt":"2018-09-13T12:05:08","guid":{"rendered":"http:\/\/opdacia.org\/?p=3131"},"modified":"2019-01-24T14:08:47","modified_gmt":"2019-01-24T13:08:47","slug":"amir-jaje-op-er-tildelt-stefanusprisen-for-2018","status":"publish","type":"post","link":"https:\/\/www.opdacia.org\/?p=3131","title":{"rendered":"Amir Jaje OP er tildelt Stefanusprisen for 2018"},"content":{"rendered":"<div id=\"attachment_3133\" style=\"width: 160px\" class=\"wp-caption alignright\"><a href=\"http:\/\/www.opdacia.org\/wp-content\/uploads\/2018\/09\/Amir-Jaje-OP.png\"><img loading=\"lazy\" decoding=\"async\" aria-describedby=\"caption-attachment-3133\" class=\"size-thumbnail wp-image-3133\" src=\"http:\/\/www.opdacia.org\/wp-content\/uploads\/2018\/09\/Amir-Jaje-OP-150x150.png\" alt=\"\" width=\"150\" height=\"150\" \/><\/a><p id=\"caption-attachment-3133\" class=\"wp-caption-text\">Amir Jaje OP.<br \/>Foto: Stefanusalliansen<\/p><\/div>\n<p><a href=\"http:\/\/iraqcid.org\/en\/father-amir-jaji-dominican-2\/\">Amir Jaje<\/a> tilh\u00f8rer dominikanerkommuniteten i Bagdad. Sammen med landsmannen\u00a0Saad Salloum har han stiftet\u00a0<a href=\"http:\/\/iraqcid.org\/en\/\">Iraqi Council of Interfaith Dialouge<\/a>. De to er ogs\u00e5 engasjert i \u00e5 lage dokumentarfilmer og annen informasjon som kan st\u00f8tte trosfriheten og \u00f8ke kunnskapen om minoritetene i Irak og Midt-\u00d8sten. Frater Amir er ogs\u00e5 medlem av Vatikanets kommisjon for inter-religi\u00f8s dialog.<\/p>\n<p><a href=\"https:\/\/www.stefanus.no\/hva-gjor-vi\/stefanusprisen\/\">Stefanusprisen<\/a> deles ut hvert andre \u00e5r til en eller flere personer som har gjort en spesiell innsats i kampen for trosfrihet og menneskerettigheter. Bak prisen st\u00e5r <a href=\"https:\/\/www.stefanus.no\/v%C3%A5re%20kjennetegn\/\">Stefanusalliansen<\/a>, som arbeider for trosfrihet som grunnleggende menneskerettighet.<\/p>\n<p>Du kan lese mer om <a href=\"https:\/\/www.stefanus.no\/aktuelt\/de-prises-for-kampen-for-iraks-minoriteter\/\">prisvinnerne<\/a>\u00a0og\u00a0<a href=\"https:\/\/www.stefanus.no\/aktuelt\/eg-ser-lys-i-tunnellen-for-irak\/\">prisutdelingen<\/a> \u00a0p\u00e5 Stefanusalliansens hjemmeside.<\/p>\n","protected":false},"excerpt":{"rendered":"<p>Amir Jaje tilh\u00f8rer dominikanerkommuniteten i Bagdad. Sammen med landsmannen\u00a0Saad Salloum har han stiftet\u00a0Iraqi Council of Interfaith Dialouge. De to er ogs\u00e5 engasjert i \u00e5 lage dokumentarfilmer og annen informasjon som kan st\u00f8tte trosfriheten og \u00f8ke kunnskapen om minoritetene i Irak &hellip; <a href=\"https:\/\/www.opdacia.org\/?p=3131\">Les videre <span class=\"meta-nav\">&rarr;<\/span><\/a><\/p>\n","protected":false},"author":3,"featured_media":0,"comment_status":"open","ping_status":"open","sticky":false,"template":"","format":"standard","meta":{"footnotes":"","_links_to":"","_links_to_target":""},"categories":[34,21,26,35,5],"tags":[],"class_list":["post-3131","post","type-post","status-publish","format-standard","hentry","category-apostolat","category-dominikanerbrodre","category-dominikanerorderen","category-kirkens-sosiallaere","category-nyheter"],"_links":{"self":[{"href":"https:\/\/www.opdacia.org\/index.php?rest_route=\/wp\/v2\/posts\/3131","targetHints":{"allow":["GET"]}}],"collection":[{"href":"https:\/\/www.opdacia.org\/index.php?rest_route=\/wp\/v2\/posts"}],"about":[{"href":"https:\/\/www.opdacia.org\/index.php?rest_route=\/wp\/v2\/types\/post"}],"author":[{"embeddable":true,"href":"https:\/\/www.opdacia.org\/index.php?rest_route=\/wp\/v2\/users\/3"}],"replies":[{"embeddable":true,"href":"https:\/\/www.opdacia.org\/index.php?rest_route=%2Fwp%2Fv2%2Fcomments&post=3131"}],"version-history":[{"count":9,"href":"https:\/\/www.opdacia.org\/index.php?rest_route=\/wp\/v2\/posts\/3131\/revisions"}],"predecessor-version":[{"id":3231,"href":"https:\/\/www.opdacia.org\/index.php?rest_route=\/wp\/v2\/posts\/3131\/revisions\/3231"}],"wp:attachment":[{"href":"https:\/\/www.opdacia.org\/index.php?rest_route=%2Fwp%2Fv2%2Fmedia&parent=3131"}],"wp:term":[{"taxonomy":"category","embeddable":true,"href":"https:\/\/www.opdacia.org\/index.php?rest_route=%2Fwp%2Fv2%2Fcategories&post=3131"},{"taxonomy":"post_tag","embeddable":true,"href":"https:\/\/www.opdacia.org\/index.php?rest_route=%2Fwp%2Fv2%2Ftags&post=3131"}],"curies":[{"name":"wp","href":"https:\/\/api.w.org\/{rel}","templated":true}]}}