{"id":3141,"date":"2018-12-01T11:41:41","date_gmt":"2018-12-01T10:41:41","guid":{"rendered":"http:\/\/opdacia.org\/?p=3141"},"modified":"2018-12-07T16:32:25","modified_gmt":"2018-12-07T15:32:25","slug":"dominican-month-for-peace-2018-kongo","status":"publish","type":"post","link":"https:\/\/www.opdacia.org\/?p=3141","title":{"rendered":"Dominican Month for Peace 2018: Kongo"},"content":{"rendered":"<p><a href=\"http:\/\/www.opdacia.org\/wp-content\/uploads\/2018\/12\/2018-10-Dominican-Month-for-Peace-300x300.jpg\"><img loading=\"lazy\" decoding=\"async\" class=\"alignleft size-thumbnail wp-image-3145\" src=\"http:\/\/www.opdacia.org\/wp-content\/uploads\/2018\/12\/2018-10-Dominican-Month-for-Peace-300x300-150x150.jpg\" alt=\"\" width=\"150\" height=\"150\" srcset=\"https:\/\/www.opdacia.org\/wp-content\/uploads\/2018\/12\/2018-10-Dominican-Month-for-Peace-300x300-150x150.jpg 150w, https:\/\/www.opdacia.org\/wp-content\/uploads\/2018\/12\/2018-10-Dominican-Month-for-Peace-300x300.jpg 300w\" sizes=\"auto, (max-width: 150px) 100vw, 150px\" \/><\/a>Desember er en m\u00e5ned for fred i dominikanerordenen.<\/p>\n<p><span style=\"color: #333333; font-style: normal; font-weight: 300;\">Et sentralt tema i 800 \u00e5rs-jubileumsfeiringen vi har lagt bak oss, var betydningen av \u00e5 v\u00e6re forkjempere for fred, som Dominikus var. Dette er livsviktig i en verden som splittes av ulike former for vold og krig. I mange land lever folk i en hard virkelighet som skaper frykt, usikkerhet, lidelse, d\u00f8d og oppl\u00f8sning av sosiale fellesskap og samfunn.<\/span><\/p>\n<p>Mange dominikanske br\u00f8dre og s\u00f8stre er engasjert i arbeidet med \u00e5 bringe h\u00e5p inn i slike situasjoner. <a href=\"http:\/\/www.ecldf.net\/wp-content\/uploads\/2018\/10\/2018-10a-Letter-of-Master-and-IDCJP-EN.pdf\">Ordensmagisteren, Bruno Cador\u00e9, \u00f8nsker \u00e5 fremme en global solidaritet for fredsarbeid<\/a> ved at vi setter av desember hvert \u00e5r til \u00e5 be spesielt for fred og st\u00f8tte et konkret fredsprosjekt.\u00a0Desember starter med adventstiden, som er tiden da vi venter p\u00e5 Fredsfyrsten, og varer til 1. januar, som er Kirkens dag for fred.<!--more--><\/p>\n<p>Det konkrete fredsprosjektet og fokus for v\u00e5r solidaritet i 2018 er Den demokratiske republikken Kongo. Vi kan st\u00f8tte dominikanernes arbeid der med <a href=\"http:\/\/opcentral.org\/dominican-month-for-peace-2018\/\">b\u00f8nn, forkynnelse, \u00f8konomiske bidrag og p\u00e5 andre m\u00e5ter<\/a>. Et av forslagene er \u00e5 lage en <a href=\"http:\/\/www.op.org\/en\/content\/dominican-month-peace-0\">labyrint for fred<\/a> med stasjoner for informasjon, b\u00f8nn og fordypning.<\/p>\n<p>Du kan lese mer om prosjektet p\u00e5 nettsidene <a href=\"http:\/\/www.ecldf.net\/2018\/10\/24\/congo-dominican-month-for-peace-2018\/\">European Lay Dominicans<\/a>\u00a0og <a href=\"http:\/\/www.fraternitiesop.com\/event\/news\/dominican-month-peace-2018\/#.XAUn_9Dia70\">Fraternities OP<\/a><\/p>\n<p>Se ogs\u00e5 informasjonsfolderen\u00a0<a href=\"http:\/\/www.opeast.org.au\/_uploads\/_cknw\/files\/Democratic%20Republic%20of%20Congo%20Flyer.pdf\">The Democratic Republic of Congo &#8211; a multifaceted country on a long road to peace<\/a>.\u00a0Skriv gjerne ut brosjyren og del den med andre!<\/p>\n","protected":false},"excerpt":{"rendered":"<p>Desember er en m\u00e5ned for fred i dominikanerordenen. Et sentralt tema i 800 \u00e5rs-jubileumsfeiringen vi har lagt bak oss, var betydningen av \u00e5 v\u00e6re forkjempere for fred, som Dominikus var. Dette er livsviktig i en verden som splittes av ulike &hellip; <a href=\"https:\/\/www.opdacia.org\/?p=3141\">Les videre <span class=\"meta-nav\">&rarr;<\/span><\/a><\/p>\n","protected":false},"author":3,"featured_media":0,"comment_status":"open","ping_status":"open","sticky":false,"template":"","format":"standard","meta":{"footnotes":"","_links_to":"","_links_to_target":""},"categories":[34,26,35],"tags":[],"class_list":["post-3141","post","type-post","status-publish","format-standard","hentry","category-apostolat","category-dominikanerorderen","category-kirkens-sosiallaere"],"_links":{"self":[{"href":"https:\/\/www.opdacia.org\/index.php?rest_route=\/wp\/v2\/posts\/3141","targetHints":{"allow":["GET"]}}],"collection":[{"href":"https:\/\/www.opdacia.org\/index.php?rest_route=\/wp\/v2\/posts"}],"about":[{"href":"https:\/\/www.opdacia.org\/index.php?rest_route=\/wp\/v2\/types\/post"}],"author":[{"embeddable":true,"href":"https:\/\/www.opdacia.org\/index.php?rest_route=\/wp\/v2\/users\/3"}],"replies":[{"embeddable":true,"href":"https:\/\/www.opdacia.org\/index.php?rest_route=%2Fwp%2Fv2%2Fcomments&post=3141"}],"version-history":[{"count":7,"href":"https:\/\/www.opdacia.org\/index.php?rest_route=\/wp\/v2\/posts\/3141\/revisions"}],"predecessor-version":[{"id":3149,"href":"https:\/\/www.opdacia.org\/index.php?rest_route=\/wp\/v2\/posts\/3141\/revisions\/3149"}],"wp:attachment":[{"href":"https:\/\/www.opdacia.org\/index.php?rest_route=%2Fwp%2Fv2%2Fmedia&parent=3141"}],"wp:term":[{"taxonomy":"category","embeddable":true,"href":"https:\/\/www.opdacia.org\/index.php?rest_route=%2Fwp%2Fv2%2Fcategories&post=3141"},{"taxonomy":"post_tag","embeddable":true,"href":"https:\/\/www.opdacia.org\/index.php?rest_route=%2Fwp%2Fv2%2Ftags&post=3141"}],"curies":[{"name":"wp","href":"https:\/\/api.w.org\/{rel}","templated":true}]}}