{"id":3150,"date":"2018-12-08T08:46:41","date_gmt":"2018-12-08T07:46:41","guid":{"rendered":"http:\/\/opdacia.org\/?p=3150"},"modified":"2019-01-24T14:01:52","modified_gmt":"2019-01-24T13:01:52","slug":"pierre-claverie-op-saligkares-den-8-desember-2018","status":"publish","type":"post","link":"https:\/\/www.opdacia.org\/?p=3150","title":{"rendered":"Pierre Claverie OP saligk\u00e5res den 8. desember 2018"},"content":{"rendered":"<div id=\"attachment_3152\" style=\"width: 160px\" class=\"wp-caption alignleft\"><a href=\"http:\/\/www.opdacia.org\/wp-content\/uploads\/2018\/12\/Pierre-Claverie-OP.jpg\"><img loading=\"lazy\" decoding=\"async\" aria-describedby=\"caption-attachment-3152\" class=\"size-thumbnail wp-image-3152\" src=\"http:\/\/www.opdacia.org\/wp-content\/uploads\/2018\/12\/Pierre-Claverie-OP-150x150.jpg\" alt=\"\" width=\"150\" height=\"150\" \/><\/a><p id=\"caption-attachment-3152\" class=\"wp-caption-text\">Pierre Claverie OP<\/p><\/div>\n<p><a href=\"https:\/\/en.wikipedia.org\/wiki\/Pierre_Claverie\">Pierre Claverie (1938 &#8211; 1996)<\/a>, dominikanerbror og biskop av Oran, ble sammen med sin muslimske sj\u00e5f\u00f8r Mohamed Bouchikhi drept av en bombe om kvelden den 1. august 1996. Han er en av de 19 ordensbr\u00f8drene og -s\u00f8strene som d\u00f8de for sin tro i Algerie i perioden 1994 &#8211; 1996. Blant de 19 var ogs\u00e5 cistercienserbr\u00f8drene i Tibhirine, som vi kjenner fra filmen <a href=\"https:\/\/en.wikipedia.org\/wiki\/Of_Gods_and_Men_(film)\">Om guder og mennesker<\/a>.<\/p>\n<p>Pierre Claverie var f\u00f8dt i Algerie av franske foreldre. Han reiste til Frankrike for \u00e5 studere, og fant sitt kall i dominikanerordenen der. Etter studier, ordinasjon og undervisningsoppgaver l\u00e5 flere veier \u00e5pne for ham. Han valgte veien som forkynner og pastor, og beholdt smaken p\u00e5 intellektuell refleksjon. Sin energi hentet han f\u00f8rst og fremst gjennom menneskelig kontakt.<!--more--><\/p>\n<p><a href=\"http:\/\/www.opdacia.org\/wp-content\/uploads\/2018\/12\/Pierre-Claverie-OP-biskop.jpg\"><img loading=\"lazy\" decoding=\"async\" class=\"alignleft size-thumbnail wp-image-3153\" src=\"http:\/\/www.opdacia.org\/wp-content\/uploads\/2018\/12\/Pierre-Claverie-OP-biskop-150x150.jpg\" alt=\"\" width=\"150\" height=\"150\" \/><\/a>Etter studie\u00e5rene i Frankrike vendte han tilbake til sitt f\u00f8deland for \u00e5 arbeide der. Algerie var preget av stor optimisme og energi i oppbyggingen av en selvstendig stat etter frigj\u00f8ringen fra Frankrike. Pierre Claverie studerte arabisk og islam, forkynte og engasjerte seg i Kirkens arbeid, En viktig kilde til kunnskap var hans refleksjoner gjennom m\u00f8tene med &#8220;den andre&#8221;. I 1981 ble han utnevnt til\u00a0<span style=\"color: #333333; font-style: normal; font-weight: 300;\">biskop av Oran.\u00a0\u00a0<\/span><\/p>\n<p>Hans liv og virke er n\u00e6rt knyttet til den politiske utviklingen i Algerie. Dette er godt beskrevet i artikkelen <a href=\"http:\/\/www.op.org\/en\/content\/bishop-pierre-claverie-op-beatification-rich-meaning\">Bishop Pierre Claverie OP, a beatification rich in meaning<\/a>\u00a0p\u00e5 nettsiden www.op.org og i biografien <a href=\"https:\/\/www.amazon.com\/Life-Poured-Out-Claverie-Algeria\/dp\/1570757062\">A life poured out: Pierre Claverie of Algeria<\/a>. Filmen\u00a0<a href=\"https:\/\/www.youtube.com\/watch?v=AOj0yyyvVMo\">Bishop Pierre Claverie, a friend to the Algerians <\/a>viser Claveries virke i Algerie, konfliktene som preget landet og hans tanker om hvordan alle kunne leve sammen til tross for motsetninger. I filmen kan du ogs\u00e5 h\u00f8re noen av hans tekster og et sterkt intervju med Mohamed Bouchikhis mor.<\/p>\n<p>Kampen for &#8220;a pluralistic humanity&#8221; var i Pierre Claveries \u00f8yne en av de st\u00f8rste utfordringene. Han sto trofast i sin utsatte posisjon med et \u00f8nske om fraternitet uten naivitet, helhetlig analyse av motsetninger og at religion ikke skulle v\u00e6re ekskluderende. At han ble forst\u00e5tt av mange i dette, ble tydelig i rekviemmessen, der en ung muslimsk kvinne tok ordet og sa: &#8220;Kj\u00e6re venner, vi m\u00e5 st\u00e5 opp for det Algerie som v\u00e5r biskop arbeidet for.&#8221;<\/p>\n<p>&nbsp;<\/p>\n","protected":false},"excerpt":{"rendered":"<p>Pierre Claverie (1938 &#8211; 1996), dominikanerbror og biskop av Oran, ble sammen med sin muslimske sj\u00e5f\u00f8r Mohamed Bouchikhi drept av en bombe om kvelden den 1. august 1996. Han er en av de 19 ordensbr\u00f8drene og -s\u00f8strene som d\u00f8de for &hellip; <a href=\"https:\/\/www.opdacia.org\/?p=3150\">Les videre <span class=\"meta-nav\">&rarr;<\/span><\/a><\/p>\n","protected":false},"author":3,"featured_media":0,"comment_status":"open","ping_status":"open","sticky":false,"template":"","format":"standard","meta":{"footnotes":"","_links_to":"","_links_to_target":""},"categories":[34,21,33,35],"tags":[],"class_list":["post-3150","post","type-post","status-publish","format-standard","hentry","category-apostolat","category-dominikanerbrodre","category-forkynnelse","category-kirkens-sosiallaere"],"_links":{"self":[{"href":"https:\/\/www.opdacia.org\/index.php?rest_route=\/wp\/v2\/posts\/3150","targetHints":{"allow":["GET"]}}],"collection":[{"href":"https:\/\/www.opdacia.org\/index.php?rest_route=\/wp\/v2\/posts"}],"about":[{"href":"https:\/\/www.opdacia.org\/index.php?rest_route=\/wp\/v2\/types\/post"}],"author":[{"embeddable":true,"href":"https:\/\/www.opdacia.org\/index.php?rest_route=\/wp\/v2\/users\/3"}],"replies":[{"embeddable":true,"href":"https:\/\/www.opdacia.org\/index.php?rest_route=%2Fwp%2Fv2%2Fcomments&post=3150"}],"version-history":[{"count":9,"href":"https:\/\/www.opdacia.org\/index.php?rest_route=\/wp\/v2\/posts\/3150\/revisions"}],"predecessor-version":[{"id":3225,"href":"https:\/\/www.opdacia.org\/index.php?rest_route=\/wp\/v2\/posts\/3150\/revisions\/3225"}],"wp:attachment":[{"href":"https:\/\/www.opdacia.org\/index.php?rest_route=%2Fwp%2Fv2%2Fmedia&parent=3150"}],"wp:term":[{"taxonomy":"category","embeddable":true,"href":"https:\/\/www.opdacia.org\/index.php?rest_route=%2Fwp%2Fv2%2Fcategories&post=3150"},{"taxonomy":"post_tag","embeddable":true,"href":"https:\/\/www.opdacia.org\/index.php?rest_route=%2Fwp%2Fv2%2Ftags&post=3150"}],"curies":[{"name":"wp","href":"https:\/\/api.w.org\/{rel}","templated":true}]}}