{"id":3184,"date":"2019-01-11T11:18:52","date_gmt":"2019-01-11T10:18:52","guid":{"rendered":"http:\/\/opdacia.org\/?p=3184"},"modified":"2019-01-10T13:18:39","modified_gmt":"2019-01-10T12:18:39","slug":"mote-pa-katarinahjemmet-for-yngre-dominikanerinner","status":"publish","type":"post","link":"https:\/\/www.opdacia.org\/?p=3184","title":{"rendered":"M\u00f8te p\u00e5 Katarinahjemmet for yngre dominikanerinner"},"content":{"rendered":"<div id=\"attachment_3187\" style=\"width: 251px\" class=\"wp-caption alignleft\"><a href=\"http:\/\/www.opdacia.org\/wp-content\/uploads\/2019\/01\/fullsizeoutput_b42.jpeg\"><img loading=\"lazy\" decoding=\"async\" aria-describedby=\"caption-attachment-3187\" class=\"wp-image-3187 size-full\" src=\"http:\/\/www.opdacia.org\/wp-content\/uploads\/2019\/01\/fullsizeoutput_b42.jpeg\" alt=\"\" width=\"241\" height=\"372\" srcset=\"https:\/\/www.opdacia.org\/wp-content\/uploads\/2019\/01\/fullsizeoutput_b42.jpeg 241w, https:\/\/www.opdacia.org\/wp-content\/uploads\/2019\/01\/fullsizeoutput_b42-194x300.jpeg 194w\" sizes=\"auto, (max-width: 241px) 100vw, 241px\" \/><\/a><p id=\"caption-attachment-3187\" class=\"wp-caption-text\">Sr. Sabine Schratz OP<\/p><\/div>\n<p>I begynnelsen av januar var yngre dominikanerinner fra hele Europa samlet p\u00e5 Katarinahjemmet i Oslo. OP-Dacia redaksjonen fikk sjansen til \u00e5 intervjue to av deltagerne, sr. Sabine Schratz OP (<a href=\"https:\/\/www.dominicansisters.com\/\">Dominican Sisters of Our Lady of the Rosary and Saint Catherine of Siena, Cabra<\/a>, Irland) og sr. Kerstin-Marie Berretz OP (<a href=\"https:\/\/www.arenberger-dominikanerinnen.de\/\">Arenberger Dominikanerinnen Schwestern der Hl. Katharina von Siena<\/a>, Tyskland), f\u00f8r m\u00f8tet begynte:<\/p>\n<p><em>Ganske enkelt: Hvem er dere?<\/em><\/p>\n<p>Sr. Sabine: Jeg er sr. Sabine Schratz, f\u00f8dt i Tyskland og bor i Irland, jeg er 45 \u00e5r gammel&#8230; og jeg er dominikanerinne.<\/p>\n<div style=\"width: 310px\" class=\"wp-caption alignright\"><img loading=\"lazy\" decoding=\"async\" src=\"https:\/\/rogatekloster.files.wordpress.com\/2014\/08\/foto_sr-kerstin-marie_kocc88ln-2014.jpeg?w=300&amp;h=200\" alt=\"\" width=\"300\" height=\"200\" \/><p class=\"wp-caption-text\">Sr. Kerstin-Marie Berretz OP<\/p><\/div>\n<p>&nbsp;<\/p>\n<p>Sr. Kerstin-Marie: Og jeg er sr. Kerstin-Marie, jeg fra Tyskland og bor i Tyskland, og tilh\u00f8rer Arenberger-dominikanerinnene, en tysk kongregasjon. Og jeg er 39 \u00e5r.<\/p>\n<p><!--more--><\/p>\n<p>&nbsp;<\/p>\n<p><em>Dere er i Norge for \u00e5 delta p\u00e5 et m\u00f8te \u2013 hva slags m\u00f8te, hva handler det om?<\/em><\/p>\n<p>Sr. Sabine: Det er et m\u00f8te for de yngre dominikanerinnene i Europa, som finner sted hvert \u00e5r. Det kommer representanter fra seks soner\/regioner (inndelt etter spr\u00e5k), og hver gang har vi et tema. I \u00e5r er det \u00abforkynnelse og kunst\u00bb<\/p>\n<p>&nbsp;<\/p>\n<p><em>Hva er deres forventninger til m\u00f8tet?<\/em><\/p>\n<p>Sr. Kerstin-Marie: Jeg ser virkelig frem til \u00e5 m\u00f8te s\u00f8stre fra andre steder i Europa. Jeg tror det kommer s\u00f8stre som jeg ikke enn\u00e5 kjenner, s\u00e5 jeg gleder meg til \u00e5 m\u00f8te dem og h\u00f8re om hva som er deres utfordringer der hvor de er. P\u00e5 den annen side gleder jeg meg til \u00e5 tenke og reflektere rundt temaet: forkynnelse og kunst. Det handler om skj\u00f8nnhet ogs\u00e5. Jeg synes det er veldig r\u00f8rende. For mange \u00e5r siden h\u00f8rte jeg om at Gud er skj\u00f8nnhet og at Gud taler gjennom skj\u00f8nnhet, og jeg tror at dette er noe som kunne hjelpe meg \u00e5 komme videre og vokse.<\/p>\n<p>Sr. Sabine: Ja, jeg ser ogs\u00e5 frem til dette. Jeg tenker at det alltid er to niv\u00e5er p\u00e5 slike m\u00f8ter, det ene er det offisielle, temaet, men s\u00e5 er det ogs\u00e5 det uformelle, fellesskapet, det \u00e5 m\u00f8te hverandre. Det er alltid god stemning, \u00abkameraderi\u00bb, moro \u2013 ja, moro-biten er viktig, den sosiale delen, det \u00e5 bli kjent med hverandre.<\/p>\n<p>Sr. Kerstin-Marie: For meg er det ogs\u00e5 en fantastisk mulighet \u00e5 kunne komme til Norge. Tidligere fant m\u00f8tene sted i D\u00fcsseldorf, som er veldig n\u00e6rt det stedet jeg bor, det var omtrent som hjemme. Men n\u00e5 f\u00e5r jeg anledning til \u00e5 komme til en del av Europa hvor jeg aldri har v\u00e6rt f\u00f8r, bli kjent med det katolske livet i Skandinavia \u2013 det er annerledes, det er spennende \u00e5 se for likheter og forskjeller.. ja. Det er fint \u00e5 se.<\/p>\n<p>Sr. Sabine: Ja, det er alltid fint \u00e5 komme til Norge \u2013 gjestfriheten er veldig god! Og \u00e5 se Kirken i Norge, jeg mener, den er veldig annerledes enn i Tyskland eller Irland, det er en minoritetskirke, &#8230; s\u00f8strene er n\u00e6rt knyttet til br\u00f8drene, forholdet der, det er veldig fint. Ting har en annen karakter, en annen \u00e5nd her.<\/p>\n<p>Les mer p\u00e5 Katarinahjemmets egne sider:<\/p>\n<blockquote class=\"wp-embedded-content\" data-secret=\"kapC1cKJ2Z\"><p><a href=\"https:\/\/katarinahjemmet.katolsk.no\/index.php\/2019\/01\/09\/pa-tvers-av-landegrenser\/\">P\u00e5 tvers av landegrenser<\/a><\/p><\/blockquote>\n<p><iframe loading=\"lazy\" class=\"wp-embedded-content\" sandbox=\"allow-scripts\" security=\"restricted\" style=\"position: absolute; clip: rect(1px, 1px, 1px, 1px);\" title=\"&laquo;P\u00e5 tvers av landegrenser&raquo; &#8212; Sta. Katarinahjemmet\" src=\"https:\/\/katarinahjemmet.katolsk.no\/index.php\/2019\/01\/09\/pa-tvers-av-landegrenser\/embed\/#?secret=nx6hyiAnrY#?secret=kapC1cKJ2Z\" data-secret=\"kapC1cKJ2Z\" width=\"584\" height=\"329\" frameborder=\"0\" marginwidth=\"0\" marginheight=\"0\" scrolling=\"no\"><\/iframe><\/p>\n","protected":false},"excerpt":{"rendered":"<p>I begynnelsen av januar var yngre dominikanerinner fra hele Europa samlet p\u00e5 Katarinahjemmet i Oslo. OP-Dacia redaksjonen fikk sjansen til \u00e5 intervjue to av deltagerne, sr. Sabine Schratz OP (Dominican Sisters of Our Lady of the Rosary and Saint Catherine &hellip; <a href=\"https:\/\/www.opdacia.org\/?p=3184\">Les videre <span class=\"meta-nav\">&rarr;<\/span><\/a><\/p>\n","protected":false},"author":3,"featured_media":0,"comment_status":"open","ping_status":"open","sticky":false,"template":"","format":"standard","meta":{"footnotes":"","_links_to":"","_links_to_target":""},"categories":[20,26,33,24],"tags":[],"class_list":["post-3184","post","type-post","status-publish","format-standard","hentry","category-apostoliske-sostre","category-dominikanerorderen","category-forkynnelse","category-kunst-og-musikk"],"_links":{"self":[{"href":"https:\/\/www.opdacia.org\/index.php?rest_route=\/wp\/v2\/posts\/3184","targetHints":{"allow":["GET"]}}],"collection":[{"href":"https:\/\/www.opdacia.org\/index.php?rest_route=\/wp\/v2\/posts"}],"about":[{"href":"https:\/\/www.opdacia.org\/index.php?rest_route=\/wp\/v2\/types\/post"}],"author":[{"embeddable":true,"href":"https:\/\/www.opdacia.org\/index.php?rest_route=\/wp\/v2\/users\/3"}],"replies":[{"embeddable":true,"href":"https:\/\/www.opdacia.org\/index.php?rest_route=%2Fwp%2Fv2%2Fcomments&post=3184"}],"version-history":[{"count":7,"href":"https:\/\/www.opdacia.org\/index.php?rest_route=\/wp\/v2\/posts\/3184\/revisions"}],"predecessor-version":[{"id":3196,"href":"https:\/\/www.opdacia.org\/index.php?rest_route=\/wp\/v2\/posts\/3184\/revisions\/3196"}],"wp:attachment":[{"href":"https:\/\/www.opdacia.org\/index.php?rest_route=%2Fwp%2Fv2%2Fmedia&parent=3184"}],"wp:term":[{"taxonomy":"category","embeddable":true,"href":"https:\/\/www.opdacia.org\/index.php?rest_route=%2Fwp%2Fv2%2Fcategories&post=3184"},{"taxonomy":"post_tag","embeddable":true,"href":"https:\/\/www.opdacia.org\/index.php?rest_route=%2Fwp%2Fv2%2Ftags&post=3184"}],"curies":[{"name":"wp","href":"https:\/\/api.w.org\/{rel}","templated":true}]}}