{"id":3366,"date":"2019-08-20T09:03:31","date_gmt":"2019-08-20T08:03:31","guid":{"rendered":"http:\/\/www.opdacia.org\/?p=3366"},"modified":"2019-08-20T09:03:31","modified_gmt":"2019-08-20T08:03:31","slug":"liturgisk-musikk-av-andre-gouzes-op-utgitt-pa-norsk","status":"publish","type":"post","link":"https:\/\/www.opdacia.org\/?p=3366","title":{"rendered":"Liturgisk musikk av Andr\u00e9 Gouzes OP utgitt p\u00e5 norsk"},"content":{"rendered":"<p><a href=\"http:\/\/www.opdacia.org\/wp-content\/uploads\/2019\/08\/Musikk-av-Andr\u00e9-Gouzes-OP-bokutgivelse.png\"><img loading=\"lazy\" decoding=\"async\" class=\"alignright size-medium wp-image-3367\" src=\"http:\/\/www.opdacia.org\/wp-content\/uploads\/2019\/08\/Musikk-av-Andr\u00e9-Gouzes-OP-bokutgivelse-212x300.png\" alt=\"\" width=\"212\" height=\"300\" srcset=\"https:\/\/www.opdacia.org\/wp-content\/uploads\/2019\/08\/Musikk-av-Andr\u00e9-Gouzes-OP-bokutgivelse-212x300.png 212w, https:\/\/www.opdacia.org\/wp-content\/uploads\/2019\/08\/Musikk-av-Andr\u00e9-Gouzes-OP-bokutgivelse.png 288w\" sizes=\"auto, (max-width: 212px) 100vw, 212px\" \/><\/a><\/p>\n<p><a href=\"https:\/\/katarinahjemmet.katolsk.no\/index.php\/kloster\/oversikt-over-sostrene\/ragnhild-marie-bjelland\/\">Sr. Ragnhild Marie Bjelland OP<\/a> har st\u00e5tt sentralt i arbeidet med boken. I et <a href=\"https:\/\/katarinahjemmet.katolsk.no\/index.php\/2019\/08\/14\/na-ogsa-pa-norsk\/\">intervju p\u00e5 Sta Katarinahjemmets nettside<\/a> forteller hun om utgivelsen og om sitt langvarige samarbeid med komponisten Andr\u00e9 Gouzes.<\/p>\n<p>Boken er utgitt p\u00e5 GAudete forlag. P\u00e5 St. Olav bokhandels nettside kan du <a href=\"https:\/\/issuu.com\/stolavforlag\/docs\/fra_kristi_kors\">se utvalgte sider<\/a>. Boken kan kj\u00f8pes fra Katarinahjemmet eller i enkelte bokhandler, blant dem St. Olav.<\/p>\n<p>Vi gratulerer med utgivelsen!<\/p>\n","protected":false},"excerpt":{"rendered":"<p>Sr. Ragnhild Marie Bjelland OP har st\u00e5tt sentralt i arbeidet med boken. I et intervju p\u00e5 Sta Katarinahjemmets nettside forteller hun om utgivelsen og om sitt langvarige samarbeid med komponisten Andr\u00e9 Gouzes. Boken er utgitt p\u00e5 GAudete forlag. P\u00e5 St. &hellip; <a href=\"https:\/\/www.opdacia.org\/?p=3366\">Les videre <span class=\"meta-nav\">&rarr;<\/span><\/a><\/p>\n","protected":false},"author":3,"featured_media":0,"comment_status":"open","ping_status":"open","sticky":false,"template":"","format":"standard","meta":{"footnotes":"","_links_to":"","_links_to_target":""},"categories":[37],"tags":[],"class_list":["post-3366","post","type-post","status-publish","format-standard","hentry","category-liturgi"],"_links":{"self":[{"href":"https:\/\/www.opdacia.org\/index.php?rest_route=\/wp\/v2\/posts\/3366","targetHints":{"allow":["GET"]}}],"collection":[{"href":"https:\/\/www.opdacia.org\/index.php?rest_route=\/wp\/v2\/posts"}],"about":[{"href":"https:\/\/www.opdacia.org\/index.php?rest_route=\/wp\/v2\/types\/post"}],"author":[{"embeddable":true,"href":"https:\/\/www.opdacia.org\/index.php?rest_route=\/wp\/v2\/users\/3"}],"replies":[{"embeddable":true,"href":"https:\/\/www.opdacia.org\/index.php?rest_route=%2Fwp%2Fv2%2Fcomments&post=3366"}],"version-history":[{"count":2,"href":"https:\/\/www.opdacia.org\/index.php?rest_route=\/wp\/v2\/posts\/3366\/revisions"}],"predecessor-version":[{"id":3369,"href":"https:\/\/www.opdacia.org\/index.php?rest_route=\/wp\/v2\/posts\/3366\/revisions\/3369"}],"wp:attachment":[{"href":"https:\/\/www.opdacia.org\/index.php?rest_route=%2Fwp%2Fv2%2Fmedia&parent=3366"}],"wp:term":[{"taxonomy":"category","embeddable":true,"href":"https:\/\/www.opdacia.org\/index.php?rest_route=%2Fwp%2Fv2%2Fcategories&post=3366"},{"taxonomy":"post_tag","embeddable":true,"href":"https:\/\/www.opdacia.org\/index.php?rest_route=%2Fwp%2Fv2%2Ftags&post=3366"}],"curies":[{"name":"wp","href":"https:\/\/api.w.org\/{rel}","templated":true}]}}