{"id":3433,"date":"2019-10-07T21:13:00","date_gmt":"2019-10-07T20:13:00","guid":{"rendered":"http:\/\/www.opdacia.org\/?p=3433"},"modified":"2019-10-07T21:13:00","modified_gmt":"2019-10-07T20:13:00","slug":"lofteavleggelse-ved-sta-katarinahjemmet-i-oslo","status":"publish","type":"post","link":"https:\/\/www.opdacia.org\/?p=3433","title":{"rendered":"L\u00f8fteavleggelse ved Sta. Katarinahjemmet i Oslo"},"content":{"rendered":"<div id=\"attachment_3435\" style=\"width: 594px\" class=\"wp-caption aligncenter\"><a href=\"http:\/\/www.opdacia.org\/wp-content\/uploads\/2019\/10\/Sr.-Sheeba-l\u00f8fteavleggelse-09-07-2019.jpg\"><img loading=\"lazy\" decoding=\"async\" aria-describedby=\"caption-attachment-3435\" class=\"size-large wp-image-3435\" src=\"http:\/\/www.opdacia.org\/wp-content\/uploads\/2019\/10\/Sr.-Sheeba-l\u00f8fteavleggelse-09-07-2019-1024x682.jpg\" alt=\"Bilde av sr. Sheeba som knelende og med sine hender i generalpriorinnens hender avlegger sitt f\u00f8rste klosterl\u00f8fte.\" width=\"584\" height=\"389\" srcset=\"https:\/\/www.opdacia.org\/wp-content\/uploads\/2019\/10\/Sr.-Sheeba-l\u00f8fteavleggelse-09-07-2019-1024x682.jpg 1024w, https:\/\/www.opdacia.org\/wp-content\/uploads\/2019\/10\/Sr.-Sheeba-l\u00f8fteavleggelse-09-07-2019-300x200.jpg 300w, https:\/\/www.opdacia.org\/wp-content\/uploads\/2019\/10\/Sr.-Sheeba-l\u00f8fteavleggelse-09-07-2019-768x512.jpg 768w, https:\/\/www.opdacia.org\/wp-content\/uploads\/2019\/10\/Sr.-Sheeba-l\u00f8fteavleggelse-09-07-2019-450x300.jpg 450w, https:\/\/www.opdacia.org\/wp-content\/uploads\/2019\/10\/Sr.-Sheeba-l\u00f8fteavleggelse-09-07-2019.jpg 1400w\" sizes=\"auto, (max-width: 584px) 100vw, 584px\" \/><\/a><p id=\"caption-attachment-3435\" class=\"wp-caption-text\">Foto: Sta Katarinahjemmet<\/p><\/div>\n<p>Sr. Sheeba Jem avla sine f\u00f8rste klosterl\u00f8fter den 7. september 2019.<\/p>\n<p><a href=\"https:\/\/katarinahjemmet.katolsk.no\/index.php\/kloster\/oversikt-over-sostrene\/sr-sheeba-jem\/\">Sr. Sheeba<\/a> vokste opp i India. Studier og arbeid f\u00f8rte henne til Storbritannia, USA og Skandinavia. De siste \u00e5rene har hun v\u00e6rt knyttet til dominikanerinnenes kommunitet ved Sta. Katarinahjemmet i Oslo.<\/p>\n<p>Du kan lese mer om den gledelige begivenheten p\u00e5 <a href=\"https:\/\/katarinahjemmet.katolsk.no\/index.php\/2019\/09\/07\/gode-grunner-til-lydighet\/\">Sta. Katarinahjemmets nettside<\/a>.<\/p>\n","protected":false},"excerpt":{"rendered":"<p>Sr. Sheeba Jem avla sine f\u00f8rste klosterl\u00f8fter den 7. september 2019. Sr. Sheeba vokste opp i India. Studier og arbeid f\u00f8rte henne til Storbritannia, USA og Skandinavia. De siste \u00e5rene har hun v\u00e6rt knyttet til dominikanerinnenes kommunitet ved Sta. Katarinahjemmet &hellip; <a href=\"https:\/\/www.opdacia.org\/?p=3433\">Les videre <span class=\"meta-nav\">&rarr;<\/span><\/a><\/p>\n","protected":false},"author":3,"featured_media":0,"comment_status":"open","ping_status":"open","sticky":false,"template":"","format":"standard","meta":{"footnotes":"","_links_to":"","_links_to_target":""},"categories":[20,4],"tags":[],"class_list":["post-3433","post","type-post","status-publish","format-standard","hentry","category-apostoliske-sostre","category-kall"],"_links":{"self":[{"href":"https:\/\/www.opdacia.org\/index.php?rest_route=\/wp\/v2\/posts\/3433","targetHints":{"allow":["GET"]}}],"collection":[{"href":"https:\/\/www.opdacia.org\/index.php?rest_route=\/wp\/v2\/posts"}],"about":[{"href":"https:\/\/www.opdacia.org\/index.php?rest_route=\/wp\/v2\/types\/post"}],"author":[{"embeddable":true,"href":"https:\/\/www.opdacia.org\/index.php?rest_route=\/wp\/v2\/users\/3"}],"replies":[{"embeddable":true,"href":"https:\/\/www.opdacia.org\/index.php?rest_route=%2Fwp%2Fv2%2Fcomments&post=3433"}],"version-history":[{"count":4,"href":"https:\/\/www.opdacia.org\/index.php?rest_route=\/wp\/v2\/posts\/3433\/revisions"}],"predecessor-version":[{"id":3438,"href":"https:\/\/www.opdacia.org\/index.php?rest_route=\/wp\/v2\/posts\/3433\/revisions\/3438"}],"wp:attachment":[{"href":"https:\/\/www.opdacia.org\/index.php?rest_route=%2Fwp%2Fv2%2Fmedia&parent=3433"}],"wp:term":[{"taxonomy":"category","embeddable":true,"href":"https:\/\/www.opdacia.org\/index.php?rest_route=%2Fwp%2Fv2%2Fcategories&post=3433"},{"taxonomy":"post_tag","embeddable":true,"href":"https:\/\/www.opdacia.org\/index.php?rest_route=%2Fwp%2Fv2%2Ftags&post=3433"}],"curies":[{"name":"wp","href":"https:\/\/api.w.org\/{rel}","templated":true}]}}