{"id":3462,"date":"2020-03-31T10:35:58","date_gmt":"2020-03-31T09:35:58","guid":{"rendered":"http:\/\/www.opdacia.org\/?p=3462"},"modified":"2020-04-21T22:06:05","modified_gmt":"2020-04-21T21:06:05","slug":"fastetid-med-dominikanerordenen-i-norden","status":"publish","type":"post","link":"https:\/\/www.opdacia.org\/?p=3462","title":{"rendered":"Fastetid med dominikanerordenen i Norden"},"content":{"rendered":"<p><a href=\"http:\/\/www.opdacia.org\/wp-content\/uploads\/2019\/08\/20190502_204826.jpg\"><img loading=\"lazy\" decoding=\"async\" class=\"alignright size-thumbnail wp-image-3376\" src=\"http:\/\/www.opdacia.org\/wp-content\/uploads\/2019\/08\/20190502_204826-150x150.jpg\" alt=\"\" width=\"150\" height=\"150\" \/><\/a>Fasten er en tid for refleksjon og fordypning, b\u00f8nn og fornyelse. Dette preger ogs\u00e5 nettsidene til de dominikanske kommunitetene i Norden. Der finner du tekster, liturgi, prekener og musikk for fastetiden.<\/p>\n<p>Her presenterer vi noen eksempler:<!--more--><\/p>\n<h2>Dominikanbr\u00f6derna i Lund<\/h2>\n<p>Br\u00f8drene har en m\u00f8teserie, <a href=\"http:\/\/dominikan.nu\/index.php\/filosofisamtal\">Filosofisamtal<\/a>, som har g\u00e5tt i flere \u00e5r. Du kan finne emner og tekster p\u00e5 nettsiden <a href=\"http:\/\/dominikan.nu\/index.php\/filosofisamtalens-referenstexter\">Filosofisamtalens referenstexter<\/a><\/p>\n<h2>Dominikansystrarna i Stockholm<\/h2>\n<p>Meditasjoner, foredrag og andre tekster for sjel og tanke finner du p\u00e5 deres nettsider <a href=\"https:\/\/www.dominikansystrarna.se\/\">https:\/\/www.dominikansystrarna.se\/<\/a><\/p>\n<h2>Katarinahjemmet, Oslo<\/h2>\n<ul>\n<li><a href=\"https:\/\/katarinahjemmet.katolsk.no\/index.php\/2020\/03\/25\/vaer-med-sostrene-i-bonn\/\">V\u00e6r med s\u00f8strene i b\u00f8nn<\/a> &#8211; video, s\u00f8strene ber en novene og Allehelgenslitaniet.<\/li>\n<li><a href=\"https:\/\/katarinahjemmet.katolsk.no\/index.php\/2020\/03\/31\/trost-og-tillit\/\">Tr\u00f8st og tillit<\/a> &#8211; sakramentstilbedelse, litani til Guds forsyn.<\/li>\n<li><a href=\"https:\/\/annebentehadland.wordpress.com\/2020\/03\/09\/men-hvordan\/\">Men, hvordan?<\/a> &#8211; om \u00e5 faste, artikkel p\u00e5 sr. Anne Bentes blogg.<\/li>\n<li>Sr. Anne Bentes foredrag &#8220;B\u00f8nn og faste: en vei til \u00e5ndelig fordypelse&#8221; kan h\u00f8res p\u00e5 Facebook-siden &#8220;Katolsk grovbr\u00f8d&#8221;.<\/li>\n<\/ul>\n<h2>Lunden kloster, Oslo<\/h2>\n<ul>\n<li><a href=\"http:\/\/lunden.katolsk.no\/gudstjenester\/med-tankene-i-hjertet\/\">Med tankene i hjertet<\/a> &#8211; tekster til hvile og ettertanke.<\/li>\n<li><a href=\"http:\/\/lunden.katolsk.no\/2020\/03\/midt-i-livet\/\">Media vita<\/a> &#8211; s\u00f8strene synger dette responsoriet.fra kompletorium i fastetiden.<\/li>\n<\/ul>\n<h2>R\u00f6gle kloster, Lund<\/h2>\n<ul>\n<li><a href=\"https:\/\/www.roglekloster.se\/\">Denna dag krossar Herren d\u00f8dens port<\/a> &#8211; CD, Tenebrae av Andr\u00e9 Gouzes, innspilt i R\u00f6gle kloster. Du kan lytte til utdraget &#8220;O, att i d\u00f6den jag ej somnar in&#8221; p\u00e5 denne siden, og bestille CD-en.<\/li>\n<li><a href=\"https:\/\/www.roglekloster.se\/ljud\/\">Tideb\u00f8nner<\/a>, blant annet laudes i fasten &#8211; s\u00f8strene synger.<\/li>\n<li>Videohilsen:<a href=\"https:\/\/www.katolsk-horisont.net\/video\/coronavirus-dominikansystrarna-i-rogle-ber-oss-och-hela-varlden\"> Coronavirus. Dominikansystrarna i R\u00f6gle kloster ber f\u00f6r oss och hela v\u00e4rlden<\/a><\/li>\n<\/ul>\n<h2>St. Dominikus kloster, Oslo<\/h2>\n<ul>\n<li><a href=\"http:\/\/stdominikus.katolsk.no\/category\/prekener\/prekener-ar-a\/\">Prekener<\/a><\/li>\n<li>Messer og tideb\u00f8nner i fastetiden 2020 ligger p\u00e5 br\u00f8drenes Facebook-side &#8220;St. Dominikus kloster&#8221;.<\/li>\n<\/ul>\n<h2>Studium Catholicum, Helsinki<\/h2>\n<p>En rekke foredrag er lagt ut p\u00e5 siden <a href=\"https:\/\/www.studium.fi\/news\/category\/texts\">Texts of lectures and talks<\/a>, blant annet <a href=\"https:\/\/www.studium.fi\/news\/living-the-beatitudes\">Lenten retreat: Sr. Tamsin and Living the Beatitudes<\/a><\/p>\n","protected":false},"excerpt":{"rendered":"<p>Fasten er en tid for refleksjon og fordypning, b\u00f8nn og fornyelse. Dette preger ogs\u00e5 nettsidene til de dominikanske kommunitetene i Norden. Der finner du tekster, liturgi, prekener og musikk for fastetiden. Her presenterer vi noen eksempler:<\/p>\n","protected":false},"author":3,"featured_media":0,"comment_status":"open","ping_status":"open","sticky":false,"template":"","format":"standard","meta":{"footnotes":"","_links_to":"","_links_to_target":""},"categories":[36,26,37,17,3],"tags":[],"class_list":["post-3462","post","type-post","status-publish","format-standard","hentry","category-bonn","category-dominikanerorderen","category-liturgi","category-multimedia","category-prekener"],"_links":{"self":[{"href":"https:\/\/www.opdacia.org\/index.php?rest_route=\/wp\/v2\/posts\/3462","targetHints":{"allow":["GET"]}}],"collection":[{"href":"https:\/\/www.opdacia.org\/index.php?rest_route=\/wp\/v2\/posts"}],"about":[{"href":"https:\/\/www.opdacia.org\/index.php?rest_route=\/wp\/v2\/types\/post"}],"author":[{"embeddable":true,"href":"https:\/\/www.opdacia.org\/index.php?rest_route=\/wp\/v2\/users\/3"}],"replies":[{"embeddable":true,"href":"https:\/\/www.opdacia.org\/index.php?rest_route=%2Fwp%2Fv2%2Fcomments&post=3462"}],"version-history":[{"count":13,"href":"https:\/\/www.opdacia.org\/index.php?rest_route=\/wp\/v2\/posts\/3462\/revisions"}],"predecessor-version":[{"id":3490,"href":"https:\/\/www.opdacia.org\/index.php?rest_route=\/wp\/v2\/posts\/3462\/revisions\/3490"}],"wp:attachment":[{"href":"https:\/\/www.opdacia.org\/index.php?rest_route=%2Fwp%2Fv2%2Fmedia&parent=3462"}],"wp:term":[{"taxonomy":"category","embeddable":true,"href":"https:\/\/www.opdacia.org\/index.php?rest_route=%2Fwp%2Fv2%2Fcategories&post=3462"},{"taxonomy":"post_tag","embeddable":true,"href":"https:\/\/www.opdacia.org\/index.php?rest_route=%2Fwp%2Fv2%2Ftags&post=3462"}],"curies":[{"name":"wp","href":"https:\/\/api.w.org\/{rel}","templated":true}]}}