{"id":3477,"date":"2020-04-21T21:55:33","date_gmt":"2020-04-21T20:55:33","guid":{"rendered":"http:\/\/www.opdacia.org\/?p=3477"},"modified":"2020-04-30T17:34:07","modified_gmt":"2020-04-30T16:34:07","slug":"dominikanerordenen-i-norden-onsker-god-pasketid","status":"publish","type":"post","link":"https:\/\/www.opdacia.org\/?p=3477","title":{"rendered":"Dominikanerordenen i Norden \u00f8nsker god p\u00e5sketid"},"content":{"rendered":"<p><a href=\"http:\/\/www.opdacia.org\/wp-content\/uploads\/2020\/04\/P\u00e5sketid-i-St-Dominikus-i-Oslo-I-rotated.jpg\"><img loading=\"lazy\" decoding=\"async\" class=\"alignleft wp-image-3485 size-medium\" src=\"http:\/\/www.opdacia.org\/wp-content\/uploads\/2020\/04\/P\u00e5sketid-i-St-Dominikus-i-Oslo-I-225x300.jpg\" alt=\"\" width=\"225\" height=\"300\" srcset=\"https:\/\/www.opdacia.org\/wp-content\/uploads\/2020\/04\/P\u00e5sketid-i-St-Dominikus-i-Oslo-I-225x300.jpg 225w, https:\/\/www.opdacia.org\/wp-content\/uploads\/2020\/04\/P\u00e5sketid-i-St-Dominikus-i-Oslo-I-768x1024.jpg 768w, https:\/\/www.opdacia.org\/wp-content\/uploads\/2020\/04\/P\u00e5sketid-i-St-Dominikus-i-Oslo-I-1152x1536.jpg 1152w, https:\/\/www.opdacia.org\/wp-content\/uploads\/2020\/04\/P\u00e5sketid-i-St-Dominikus-i-Oslo-I-rotated.jpg 1224w\" sizes=\"auto, (max-width: 225px) 100vw, 225px\" \/><\/a>Vi er i p\u00e5sketiden, feiringen av Kristi oppstandelse. De dominikanske fellesskapene i Norden har hatt stille uke og p\u00e5ske under spesielle omstendigheter dette \u00e5ret pga pandemitiltakene.<\/p>\n<p>Men p\u00e5skemysteriene kan vi feire likevel, i refleksjon og fordypning &#8211; og i takknemlighet og glede!<\/p>\n<p>Her er noen smakebiter fra de dominikanske nettsidene i Norden.<!--more--><\/p>\n<h2>Dominikanbr\u00f6derna i Lund<\/h2>\n<p>Se <a href=\"http:\/\/dominikan.nu\/\">br\u00f8drenes nettside<\/a> med p\u00e5skehilsen og informasjon. Se ogs\u00e5 m\u00f8teserien &#8220;Filosofisamtal&#8221; med emner og tekster p\u00e5 siden <a href=\"http:\/\/dominikan.nu\/index.php\/filosofisamtalens-referenstexter\">Filosofisamtalens referenstexter<\/a><\/p>\n<h2>Dominikansystrarna i Stockholm<\/h2>\n<p>Meditasjoner, foredrag og andre tekster for sjel og tanke finner du p\u00e5 deres nettsider <a href=\"https:\/\/www.dominikansystrarna.se\/\">https:\/\/www.dominikansystrarna.se\/<\/a><\/p>\n<h2>Katarinahjemmet, Oslo<\/h2>\n<ul>\n<li><a href=\"https:\/\/annebentehadland.wordpress.com\/\">En ny morgen<\/a> &#8211; og flere innlegg fra den stille uke p\u00e5 sr. Anne Bentes blogg.<\/li>\n<li><a href=\"https:\/\/katarinahjemmet.katolsk.no\/\">Katarinahjemmets nettsider<\/a><\/li>\n<\/ul>\n<h2>Lunden kloster, Oslo<\/h2>\n<ul>\n<li>P\u00e5skebetraktninger: <a href=\"http:\/\/lundenkloster.blogspot.com\/2020\/04\/kristus-oppstanden-fra-de-dde.html\">Kristus, oppstanden fra de d\u00f8de<\/a> og <a href=\"http:\/\/lunden.katolsk.no\/2020\/04\/paskebetraktning-praecedet-suos-in-galilaeam\/\">Praecedet suos in Galileam<\/a><\/li>\n<li>H\u00f8r s\u00f8strene synge fra liturgien for p\u00e5skedag, <a href=\"http:\/\/lunden.katolsk.no\/2020\/04\/god-paske-herren-er-oppstanden\/\">Haec dies<\/a> &#8211; Dette er dagen som Herren har gjort, la oss glede og fryde oss p\u00e5 den.<\/li>\n<li><a style=\"text-decoration-line: underline;\" href=\"http:\/\/lunden.katolsk.no\/gudstjenester\/med-tankene-i-hjertet\/\">Med tankene i hjertet<\/a>\u00a0&#8211; tekster til hvile og ettertanke.<\/li>\n<\/ul>\n<h2>R\u00f6gle kloster, Lund<\/h2>\n<ul>\n<li><a href=\"https:\/\/www.roglekloster.se\/\">Denna dag krossar Herren d\u00f8dens port<\/a> &#8211; CD med musikk for den stille uke og p\u00e5ske av bl.a. Andr\u00e9 Gouzes, innspilt i R\u00f6gle kloster. Du kan lytte til utdraget &#8220;O, att i d\u00f6den jag ej somnar in&#8221; p\u00e5 denne siden, og bestille CD-en.<\/li>\n<li>Videohilsen:<a href=\"https:\/\/www.katolsk-horisont.net\/video\/coronavirus-dominikansystrarna-i-rogle-ber-oss-och-hela-varlden\"> Coronavirus. Dominikansystrarna i R\u00f6gle kloster ber f\u00f6r oss och hela v\u00e4rlden<\/a><\/li>\n<\/ul>\n<h2>St. Dominikus kloster, Oslo<\/h2>\n<ul>\n<li><a href=\"http:\/\/stdominikus.katolsk.no\/category\/prekener\/prekener-ar-a\/\">Prekener<\/a><\/li>\n<li>Opptak av <a href=\"http:\/\/stdominikus.katolsk.no\/\">tenebrae og messer i den stille uke og p\u00e5ske 2020<\/a><\/li>\n<\/ul>\n<h2>Studium Catholicum, Helsinki<a href=\"http:\/\/www.opdacia.org\/wp-content\/uploads\/2018\/05\/P\u00e5skefest-1.-p\u00e5skedag-i-St.-Dominikus-kloster-Oslo-e1526848258795.jpg\"><img loading=\"lazy\" decoding=\"async\" class=\"alignright size-thumbnail wp-image-3079\" src=\"http:\/\/www.opdacia.org\/wp-content\/uploads\/2018\/05\/P\u00e5skefest-1.-p\u00e5skedag-i-St.-Dominikus-kloster-Oslo-e1526848258795-150x150.jpg\" alt=\"\" width=\"150\" height=\"150\" \/><\/a><\/h2>\n<p>En rekke foredrag er lagt ut p\u00e5 siden <a href=\"https:\/\/www.studium.fi\/news\/category\/texts\">Texts of lectures and talks.<\/a> F\u00f8lg gjerne ogs\u00e5 frater Gabriel Salmela p\u00e5 Facebook.<\/p>\n","protected":false},"excerpt":{"rendered":"<p>Vi er i p\u00e5sketiden, feiringen av Kristi oppstandelse. De dominikanske fellesskapene i Norden har hatt stille uke og p\u00e5ske under spesielle omstendigheter dette \u00e5ret pga pandemitiltakene. Men p\u00e5skemysteriene kan vi feire likevel, i refleksjon og fordypning &#8211; og i takknemlighet &hellip; <a href=\"https:\/\/www.opdacia.org\/?p=3477\">Les videre <span class=\"meta-nav\">&rarr;<\/span><\/a><\/p>\n","protected":false},"author":3,"featured_media":0,"comment_status":"open","ping_status":"open","sticky":false,"template":"","format":"standard","meta":{"footnotes":"","_links_to":"","_links_to_target":""},"categories":[26],"tags":[],"class_list":["post-3477","post","type-post","status-publish","format-standard","hentry","category-dominikanerorderen"],"_links":{"self":[{"href":"https:\/\/www.opdacia.org\/index.php?rest_route=\/wp\/v2\/posts\/3477","targetHints":{"allow":["GET"]}}],"collection":[{"href":"https:\/\/www.opdacia.org\/index.php?rest_route=\/wp\/v2\/posts"}],"about":[{"href":"https:\/\/www.opdacia.org\/index.php?rest_route=\/wp\/v2\/types\/post"}],"author":[{"embeddable":true,"href":"https:\/\/www.opdacia.org\/index.php?rest_route=\/wp\/v2\/users\/3"}],"replies":[{"embeddable":true,"href":"https:\/\/www.opdacia.org\/index.php?rest_route=%2Fwp%2Fv2%2Fcomments&post=3477"}],"version-history":[{"count":13,"href":"https:\/\/www.opdacia.org\/index.php?rest_route=\/wp\/v2\/posts\/3477\/revisions"}],"predecessor-version":[{"id":3499,"href":"https:\/\/www.opdacia.org\/index.php?rest_route=\/wp\/v2\/posts\/3477\/revisions\/3499"}],"wp:attachment":[{"href":"https:\/\/www.opdacia.org\/index.php?rest_route=%2Fwp%2Fv2%2Fmedia&parent=3477"}],"wp:term":[{"taxonomy":"category","embeddable":true,"href":"https:\/\/www.opdacia.org\/index.php?rest_route=%2Fwp%2Fv2%2Fcategories&post=3477"},{"taxonomy":"post_tag","embeddable":true,"href":"https:\/\/www.opdacia.org\/index.php?rest_route=%2Fwp%2Fv2%2Ftags&post=3477"}],"curies":[{"name":"wp","href":"https:\/\/api.w.org\/{rel}","templated":true}]}}