{"id":3535,"date":"2021-01-31T17:13:24","date_gmt":"2021-01-31T16:13:24","guid":{"rendered":"http:\/\/www.opdacia.org\/?p=3535"},"modified":"2021-01-31T17:13:24","modified_gmt":"2021-01-31T16:13:24","slug":"dominikanerbrodrene-i-oslo-har-snart-100-arsjubileum-feires-med-jubileumsbok","status":"publish","type":"post","link":"https:\/\/www.opdacia.org\/?p=3535","title":{"rendered":"Dominikanerbr\u00f8drene i Oslo har snart 100-\u00e5rsjubileum, feires med jubileumsbok"},"content":{"rendered":"<p><a href=\"http:\/\/www.opdacia.org\/wp-content\/uploads\/2020\/04\/P\u00e5sketid-i-St-Dominikus-i-Oslo-I-rotated.jpg\"><img loading=\"lazy\" decoding=\"async\" class=\"alignleft size-medium wp-image-3485\" src=\"http:\/\/www.opdacia.org\/wp-content\/uploads\/2020\/04\/P\u00e5sketid-i-St-Dominikus-i-Oslo-I-225x300.jpg\" alt=\"\" width=\"225\" height=\"300\" srcset=\"https:\/\/www.opdacia.org\/wp-content\/uploads\/2020\/04\/P\u00e5sketid-i-St-Dominikus-i-Oslo-I-225x300.jpg 225w, https:\/\/www.opdacia.org\/wp-content\/uploads\/2020\/04\/P\u00e5sketid-i-St-Dominikus-i-Oslo-I-768x1024.jpg 768w, https:\/\/www.opdacia.org\/wp-content\/uploads\/2020\/04\/P\u00e5sketid-i-St-Dominikus-i-Oslo-I-1152x1536.jpg 1152w, https:\/\/www.opdacia.org\/wp-content\/uploads\/2020\/04\/P\u00e5sketid-i-St-Dominikus-i-Oslo-I-rotated.jpg 1224w\" sizes=\"auto, (max-width: 225px) 100vw, 225px\" \/><\/a>I 1921 flyttet to franske dominikanerbr\u00f8dre inn i en trevilla p\u00e5 Majorstuen i Oslo. I pinsen samme \u00e5r kunne de \u00f8nske velkommen til messe. Dermed var det igjen en dominikansk br\u00f8drekommunitet i Norge, for f\u00f8rste gang etter reformasjonen.<\/p>\n<p>Gjennom de 100 \u00e5rene som er g\u00e5tt, har denne kommuniteten v\u00e6rt et sted for liturgi og sakramenter, forkynnelse og foredrag, veiledning og undervisning, forfatterskap og vennskap. Dette kan du snart lese om i den kommende jubileumsboken. Du kan ogs\u00e5 v\u00e6re med \u00e5 gratulere br\u00f8drene ved \u00e5 forh\u00e5ndsbestille boken og tegne deg i <em>Tabula gratulatoria, se<\/em>\u00a0www.katolsk.no &#8211; <a href=\"http:\/\/www.katolsk.no\/nyheter\/2021\/01\/jubileumsbok-hyldest-til-prekebrodrene\">Jubileumsbok: Hyldest til prekenbr\u00f8drene<\/a>.<\/p>\n","protected":false},"excerpt":{"rendered":"<p>I 1921 flyttet to franske dominikanerbr\u00f8dre inn i en trevilla p\u00e5 Majorstuen i Oslo. I pinsen samme \u00e5r kunne de \u00f8nske velkommen til messe. Dermed var det igjen en dominikansk br\u00f8drekommunitet i Norge, for f\u00f8rste gang etter reformasjonen. Gjennom de &hellip; <a href=\"https:\/\/www.opdacia.org\/?p=3535\">Les videre <span class=\"meta-nav\">&rarr;<\/span><\/a><\/p>\n","protected":false},"author":3,"featured_media":0,"comment_status":"open","ping_status":"open","sticky":false,"template":"","format":"standard","meta":{"footnotes":"","_links_to":"","_links_to_target":""},"categories":[21,27],"tags":[],"class_list":["post-3535","post","type-post","status-publish","format-standard","hentry","category-dominikanerbrodre","category-dominikansk-historie"],"_links":{"self":[{"href":"https:\/\/www.opdacia.org\/index.php?rest_route=\/wp\/v2\/posts\/3535","targetHints":{"allow":["GET"]}}],"collection":[{"href":"https:\/\/www.opdacia.org\/index.php?rest_route=\/wp\/v2\/posts"}],"about":[{"href":"https:\/\/www.opdacia.org\/index.php?rest_route=\/wp\/v2\/types\/post"}],"author":[{"embeddable":true,"href":"https:\/\/www.opdacia.org\/index.php?rest_route=\/wp\/v2\/users\/3"}],"replies":[{"embeddable":true,"href":"https:\/\/www.opdacia.org\/index.php?rest_route=%2Fwp%2Fv2%2Fcomments&post=3535"}],"version-history":[{"count":4,"href":"https:\/\/www.opdacia.org\/index.php?rest_route=\/wp\/v2\/posts\/3535\/revisions"}],"predecessor-version":[{"id":3540,"href":"https:\/\/www.opdacia.org\/index.php?rest_route=\/wp\/v2\/posts\/3535\/revisions\/3540"}],"wp:attachment":[{"href":"https:\/\/www.opdacia.org\/index.php?rest_route=%2Fwp%2Fv2%2Fmedia&parent=3535"}],"wp:term":[{"taxonomy":"category","embeddable":true,"href":"https:\/\/www.opdacia.org\/index.php?rest_route=%2Fwp%2Fv2%2Fcategories&post=3535"},{"taxonomy":"post_tag","embeddable":true,"href":"https:\/\/www.opdacia.org\/index.php?rest_route=%2Fwp%2Fv2%2Ftags&post=3535"}],"curies":[{"name":"wp","href":"https:\/\/api.w.org\/{rel}","templated":true}]}}