{"id":3559,"date":"2021-05-12T09:46:21","date_gmt":"2021-05-12T08:46:21","guid":{"rendered":"http:\/\/www.opdacia.org\/?p=3559"},"modified":"2021-05-12T11:35:06","modified_gmt":"2021-05-12T10:35:06","slug":"tag-och-at","status":"publish","type":"post","link":"https:\/\/www.opdacia.org\/?p=3559","title":{"rendered":"Tag och \u00e4t!"},"content":{"rendered":"<p>N\u00e5gra tankar ur klostertystnaden&#8230;.<a href=\"http:\/\/www.opdacia.org\/wp-content\/uploads\/2021\/05\/Saint_Dominic_Detail_from_The_Mocking_of_Christ.jpg\"><img loading=\"lazy\" decoding=\"async\" class=\"alignright size-medium wp-image-3562\" src=\"http:\/\/www.opdacia.org\/wp-content\/uploads\/2021\/05\/Saint_Dominic_Detail_from_The_Mocking_of_Christ-211x300.jpg\" alt=\"\" width=\"211\" height=\"300\" srcset=\"https:\/\/www.opdacia.org\/wp-content\/uploads\/2021\/05\/Saint_Dominic_Detail_from_The_Mocking_of_Christ-211x300.jpg 211w, https:\/\/www.opdacia.org\/wp-content\/uploads\/2021\/05\/Saint_Dominic_Detail_from_The_Mocking_of_Christ.jpg 421w\" sizes=\"auto, (max-width: 211px) 100vw, 211px\" \/><\/a><\/p>\n<p><em>\u201dN\u00e4r jag fick dina ord, blev de min f\u00f6da, ja dina ord blev f\u00f6r mig mitt hj\u00e4rtas fr\u00f6jd och gl\u00e4dje.\u201d<\/em><\/p>\n<p>S\u00e5 skriver profeten Jeremia (Jer 15:16). Orden blir f\u00f6da, n\u00e5got man \u00e4ter, till styrka dag efter dag&#8230;.<\/p>\n<p>T\u00e4nk om just denna tid vill f\u00e5 oss att uppt\u00e4cka Bibelns skatter p\u00e5 nytt? Till hj\u00e4rtats fr\u00f6jd och gl\u00e4dje!<\/p>\n<p>Hunger och m\u00e4ttnad \u00e4r ett tema som \u00e5terkommer i Bibeln. Hunger som stillas, m\u00e4ttas, tillfredsst\u00e4lls. Hunger efter Gud, en hunger som endast Han sj\u00e4lv kan stilla.<\/p>\n<p><em>\u201dOch han skulle bespisa det med b\u00e4sta vete; ja, med honung ur klippan skulle jag m\u00e4tta dig.\u201d (Ps 81:17 )\u201d<\/em><em>M\u00e4tta oss med din n\u00e5d n\u00e4r morgonen gryr s\u00e5 att vi kan jubla och vara glada!\u201d (Ps 90:14)<br \/>\n<\/em><\/p>\n<p>V\u00e5ra magar beh\u00f6ver fyllas, s\u00e5 ocks\u00e5 sj\u00e4len. Jeremia s\u00e4ger, <em>n\u00e4r jag fick dina ord, blev de min f\u00f6da&#8230;<\/em><!--more--><\/p>\n<p>F\u00f6dan g\u00f6r att vi v\u00e4xer, <strong>orden<\/strong> g\u00f6r att vi v\u00e4xer&#8230;V\u00e4xer till vad\u00e5? Ett andligt v\u00e4xande.<\/p>\n<p>Fr\u00f6et, Guds ord, gror i det goda hj\u00e4rtat, i den mottagliga jorden&#8230;den \u00f6ppna jorden, den t\u00f6rstiga jorden, som befruktats av Anden&#8230;ur ert inre skall flyta str\u00f6mmar av levande vatten&#8230; och det b\u00e4r hundrafaldig frukt&#8230;<\/p>\n<p>Vi \u00e4r inte utl\u00e4mnade \u00e5t oss sj\u00e4lva, inte ens under denna pandemi. Kristus m\u00f6ter oss i bibelordet.<\/p>\n<p>Den helige Augustinus h\u00f6rde vid kallelsen en r\u00f6st i tr\u00e4dg\u00e5rden som sade: Tag och l\u00e4s! Och vi vet vad det ledde fram till!<\/p>\n<p>Eller Herren ord till profeten Hesekiel: Tag och \u00e4t! Han \u00e5t bokstavligen upp bokrullen, och den smakade ljuvt som honung. (Hes 3:1)<\/p>\n<p>Ocks\u00e5 vi kan l\u00e5ta oss drabbas, kanske inte alltid s\u00e5 dramatiskt, utan ofta den stilla susningen.<\/p>\n<p>I en av sina b\u00f6cker skriver p. Wifrid Stinissen OCD:<em>\u201dVi kan n\u00e4r som helst tr\u00e4da i en mycket konkret kontakt med Gud, vi kan n\u00e4r som helst h\u00f6ra honom tala till oss. Vi beh\u00f6ver bara \u00f6ppna Bibeln och l\u00e4sa.\u201d (Ordet \u00e4r dig n\u00e4ra, Libris 1997)<\/em><\/p>\n<p>Herren m\u00f6ter oss verkligen i sitt ord. Han uppenbarar sig.<\/p>\n<p>Att i dessa p\u00e5sktider meditera \u00f6ver texterna som fl\u00f6dar \u00f6ver av liv ger oss liv, f\u00f6renar oss med Kristus. Och det bygger upp Kyrkan.<\/p>\n<p>Det finns en relation mellan ordet och eukaristin, de h\u00f6r ihop, och befruktar varandra. Att ofta g\u00e5 i M\u00e4ssan st\u00e5r i relation till att ocks\u00e5 l\u00e4sa Ordet ofta.<\/p>\n<p>Det s\u00e4gs att den helige Dominikus alltid bar Matteus evangelium p\u00e5 sig och ett av Paulus breven, vilka han kunde utantill&#8230;s\u00e5 dyrbart var det f\u00f6r honom&#8230;<\/p>\n<p>I klosterlivet f\u00e5r vi leva i den andliga l\u00e4sningen dagligen, <em>lectio divina<\/em>. Ett \u00e4tande av Ordet, idisslande, <em>ruminatio,<\/em>f\u00f6r att inf\u00f6rliva det, l\u00e5ta det forma oss. Ett m\u00f6te med Herren.<\/p>\n<p>Han uppenbarar sig, och vi f\u00f6rs alltmer in i den sanna meningen.<\/p>\n<p>Thomas Merton skriver: <em>\u201dF\u00f6r att finna meningen med v\u00e5r tillvaro m\u00e5ste vi finna inte den mening som vi v\u00e4ntar utan den mening som \u00e4r uppenbarad f\u00f6r oss av Gud.<\/em><\/p>\n<p><em>\u2026.De meningar vi \u00e4r i st\u00e5nd att uppt\u00e4cka r\u00e4cker aldrig. Den sanna meningen m\u00e5ste uppenbaras. Den m\u00e5ste \u201dges\u201d. Och den faktum att den ges \u00e4r dess huvudsakliga inneb\u00f6rd \u2013 ty livet sj\u00e4lvt \u00e4r till sist bara meningsfullt i den m\u00e5n det \u00e4r givet.\u201d<\/em>(<em>Den nya m\u00e4nniskan<\/em>, s13-14, Verbum 1985)<\/p>\n<p>Bibeln \u00e4r ett k\u00e4rleksbrev.\u00a0 Ja just det, ett k\u00e4rleksbrev, som ges, fr\u00e5n Gud till oss. L\u00e4s det sj\u00e4lv&#8230;<\/p>\n<p><em>\u201dOm n\u00e5gon \u00e4lskar mig bevarar han mitt ord, och min fader skall \u00e4lska honom, och vi skall komma till honom och stanna hos honom.\u201d<\/em> Joh 14:23<\/p>\n<p>Tag och \u00e4t!<\/p>\n<p>Sr. Katarina o.p. (R\u00f6gle kloster)<\/p>\n<div id=\"attachment_3113\" style=\"width: 210px\" class=\"wp-caption alignleft\"><a href=\"http:\/\/www.opdacia.org\/wp-content\/uploads\/2018\/07\/Sr.-Katarina-Gustavsson-OP.jpg\"><img loading=\"lazy\" decoding=\"async\" aria-describedby=\"caption-attachment-3113\" class=\"size-medium wp-image-3113\" src=\"http:\/\/www.opdacia.org\/wp-content\/uploads\/2018\/07\/Sr.-Katarina-Gustavsson-OP-200x300.jpg\" alt=\"\" width=\"200\" height=\"300\" srcset=\"https:\/\/www.opdacia.org\/wp-content\/uploads\/2018\/07\/Sr.-Katarina-Gustavsson-OP-200x300.jpg 200w, https:\/\/www.opdacia.org\/wp-content\/uploads\/2018\/07\/Sr.-Katarina-Gustavsson-OP.jpg 427w\" sizes=\"auto, (max-width: 200px) 100vw, 200px\" \/><\/a><p id=\"caption-attachment-3113\" class=\"wp-caption-text\">Sr. Katarina Gustavsson OP<\/p><\/div>\n","protected":false},"excerpt":{"rendered":"<p>N\u00e5gra tankar ur klostertystnaden&#8230;. \u201dN\u00e4r jag fick dina ord, blev de min f\u00f6da, ja dina ord blev f\u00f6r mig mitt hj\u00e4rtas fr\u00f6jd och gl\u00e4dje.\u201d S\u00e5 skriver profeten Jeremia (Jer 15:16). Orden blir f\u00f6da, n\u00e5got man \u00e4ter, till styrka dag efter &hellip; <a href=\"https:\/\/www.opdacia.org\/?p=3559\">Les videre <span class=\"meta-nav\">&rarr;<\/span><\/a><\/p>\n","protected":false},"author":3,"featured_media":0,"comment_status":"open","ping_status":"open","sticky":false,"template":"","format":"standard","meta":{"footnotes":"","_links_to":"","_links_to_target":""},"categories":[36,33,19],"tags":[],"class_list":["post-3559","post","type-post","status-publish","format-standard","hentry","category-bonn","category-forkynnelse","category-kontemplative-sostre"],"_links":{"self":[{"href":"https:\/\/www.opdacia.org\/index.php?rest_route=\/wp\/v2\/posts\/3559","targetHints":{"allow":["GET"]}}],"collection":[{"href":"https:\/\/www.opdacia.org\/index.php?rest_route=\/wp\/v2\/posts"}],"about":[{"href":"https:\/\/www.opdacia.org\/index.php?rest_route=\/wp\/v2\/types\/post"}],"author":[{"embeddable":true,"href":"https:\/\/www.opdacia.org\/index.php?rest_route=\/wp\/v2\/users\/3"}],"replies":[{"embeddable":true,"href":"https:\/\/www.opdacia.org\/index.php?rest_route=%2Fwp%2Fv2%2Fcomments&post=3559"}],"version-history":[{"count":4,"href":"https:\/\/www.opdacia.org\/index.php?rest_route=\/wp\/v2\/posts\/3559\/revisions"}],"predecessor-version":[{"id":3573,"href":"https:\/\/www.opdacia.org\/index.php?rest_route=\/wp\/v2\/posts\/3559\/revisions\/3573"}],"wp:attachment":[{"href":"https:\/\/www.opdacia.org\/index.php?rest_route=%2Fwp%2Fv2%2Fmedia&parent=3559"}],"wp:term":[{"taxonomy":"category","embeddable":true,"href":"https:\/\/www.opdacia.org\/index.php?rest_route=%2Fwp%2Fv2%2Fcategories&post=3559"},{"taxonomy":"post_tag","embeddable":true,"href":"https:\/\/www.opdacia.org\/index.php?rest_route=%2Fwp%2Fv2%2Ftags&post=3559"}],"curies":[{"name":"wp","href":"https:\/\/api.w.org\/{rel}","templated":true}]}}