{"id":3564,"date":"2021-05-24T08:17:34","date_gmt":"2021-05-24T07:17:34","guid":{"rendered":"http:\/\/www.opdacia.org\/?p=3564"},"modified":"2021-05-12T08:23:31","modified_gmt":"2021-05-12T07:23:31","slug":"laer-oss-a-be","status":"publish","type":"post","link":"https:\/\/www.opdacia.org\/?p=3564","title":{"rendered":"L\u00e6r oss \u00e5 be"},"content":{"rendered":"<p>I 2021 minnes vi at det er 800 \u00e5r siden v\u00e5r far Dominikus avsluttet sin jordiske karriere.<\/p>\n<p>Lik sin Mester, etterlot han seg minimalt av skriftlig materiale. Hans arv til oss var f\u00f8rst og fremst den \u00e5ndelige familie han hadde samlet: v\u00e5r Orden, med dens strukturer og tradisjoner, br\u00f8dre og s\u00f8stre, samt hans eget eksempel: beretningene om hvordan Dominikus hadde levd og l\u00e6rt, hvordan han fulgte Kristus.<\/p>\n<p>Blant disse overleveringene finner vi beskrivelsene av hvordan han ba, skrevet ned, illustrert og kommentert av br\u00f8dre og s\u00f8stre gjennom historien, til instruksjon og inspirasjon.<\/p>\n<p>Jubileums\u00e5ret kan v\u00e6re en anledning til \u00e5 oppdage eller gjenoppdage denne kilden, b\u00e5de for dominikanere og andre. Tekst, bilder og kommentarer legges ut med jevne mellomrom gjennom \u00e5rte p\u00e5 hjemmesiden til s\u00f8strene p\u00e5 Lunden: <a href=\"https:\/\/lunden.katolsk.no\/tag\/st-dominikus-ni-mater-a-be-pa\/\" target=\"_blank\" rel=\"noopener\">https:\/\/lunden.katolsk.no\/tag\/st-dominikus-ni-mater-a-be-pa\/<\/a><\/p>\n<p><a href=\"https:\/\/lunden.katolsk.no\/wp-content\/uploads\/2016\/02\/Dominikusikon-hele-2.jpg\"><img loading=\"lazy\" decoding=\"async\" class=\"alignright size-medium\" src=\"https:\/\/lunden.katolsk.no\/wp-content\/uploads\/2016\/02\/Dominikusikon-hele-2.jpg\" width=\"3669\" height=\"5423\" \/><\/a><\/p>\n","protected":false},"excerpt":{"rendered":"<p>I 2021 minnes vi at det er 800 \u00e5r siden v\u00e5r far Dominikus avsluttet sin jordiske karriere. Lik sin Mester, etterlot han seg minimalt av skriftlig materiale. Hans arv til oss var f\u00f8rst og fremst den \u00e5ndelige familie han hadde &hellip; <a href=\"https:\/\/www.opdacia.org\/?p=3564\">Les videre <span class=\"meta-nav\">&rarr;<\/span><\/a><\/p>\n","protected":false},"author":3,"featured_media":0,"comment_status":"open","ping_status":"open","sticky":false,"template":"","format":"standard","meta":{"footnotes":"","_links_to":"","_links_to_target":""},"categories":[36,26,27,19,18],"tags":[],"class_list":["post-3564","post","type-post","status-publish","format-standard","hentry","category-bonn","category-dominikanerorderen","category-dominikansk-historie","category-kontemplative-sostre","category-lest-og-delt"],"_links":{"self":[{"href":"https:\/\/www.opdacia.org\/index.php?rest_route=\/wp\/v2\/posts\/3564","targetHints":{"allow":["GET"]}}],"collection":[{"href":"https:\/\/www.opdacia.org\/index.php?rest_route=\/wp\/v2\/posts"}],"about":[{"href":"https:\/\/www.opdacia.org\/index.php?rest_route=\/wp\/v2\/types\/post"}],"author":[{"embeddable":true,"href":"https:\/\/www.opdacia.org\/index.php?rest_route=\/wp\/v2\/users\/3"}],"replies":[{"embeddable":true,"href":"https:\/\/www.opdacia.org\/index.php?rest_route=%2Fwp%2Fv2%2Fcomments&post=3564"}],"version-history":[{"count":4,"href":"https:\/\/www.opdacia.org\/index.php?rest_route=\/wp\/v2\/posts\/3564\/revisions"}],"predecessor-version":[{"id":3568,"href":"https:\/\/www.opdacia.org\/index.php?rest_route=\/wp\/v2\/posts\/3564\/revisions\/3568"}],"wp:attachment":[{"href":"https:\/\/www.opdacia.org\/index.php?rest_route=%2Fwp%2Fv2%2Fmedia&parent=3564"}],"wp:term":[{"taxonomy":"category","embeddable":true,"href":"https:\/\/www.opdacia.org\/index.php?rest_route=%2Fwp%2Fv2%2Fcategories&post=3564"},{"taxonomy":"post_tag","embeddable":true,"href":"https:\/\/www.opdacia.org\/index.php?rest_route=%2Fwp%2Fv2%2Ftags&post=3564"}],"curies":[{"name":"wp","href":"https:\/\/api.w.org\/{rel}","templated":true}]}}