{"id":809,"date":"2013-08-16T03:06:13","date_gmt":"2013-08-16T02:06:13","guid":{"rendered":"http:\/\/opdacia.org\/?p=809"},"modified":"2013-08-16T12:59:55","modified_gmt":"2013-08-16T11:59:55","slug":"kontempl-aksjon","status":"publish","type":"post","link":"https:\/\/www.opdacia.org\/?p=809","title":{"rendered":"Kontempl-aksjon"},"content":{"rendered":"<p><strong><a href=\"http:\/\/dacia.katolsk.no\/wp-content\/uploads\/2013\/08\/fountain.jpg\"><img loading=\"lazy\" decoding=\"async\" class=\"alignright size-medium wp-image-818\" alt=\"fountain\" src=\"http:\/\/dacia.katolsk.no\/wp-content\/uploads\/2013\/08\/fountain-215x300.jpg\" width=\"215\" height=\"300\" srcset=\"https:\/\/www.opdacia.org\/wp-content\/uploads\/2013\/08\/fountain-215x300.jpg 215w, https:\/\/www.opdacia.org\/wp-content\/uploads\/2013\/08\/fountain-734x1024.jpg 734w, https:\/\/www.opdacia.org\/wp-content\/uploads\/2013\/08\/fountain.jpg 1534w\" sizes=\"auto, (max-width: 215px) 100vw, 215px\" \/><\/a>Hvile<\/strong> har v\u00e6rt sommerens hovedtema her p\u00e5 OPDACIA.org-sidene<strong>.<\/strong> I<strong>\u00a0<\/strong>en serie innlegg har vi blitt minnet om hvor viktig det er \u00e5 g\u00e5 til kildene, s\u00f8ke stillheten og finne ny styrke gjennom b\u00f8nnen og kontemplasjonen.<\/p>\n<p>Feriedagene har v\u00e6rt en tid der vi har kunnet praktisere disse gode r\u00e5dene. N\u00e5 vender vi tilbake til arbeidet, styrket i b\u00e5de kropp og sjel, med ladede batterier. Vi kjenner at hvilen har gjort oss godt. Konsentrasjon og overskudd er st\u00f8rre enn f\u00f8r ferien, og vi opplever at vi har noe \u00e5 gi til andre.<\/p>\n<p>Likevel har de fleste erfart at hverdagens aktiviteter og travelhet raskt setter inn. F\u00f8r vi vet ordet av det, har plikter og tidspress tatt styringen. Hvor ble det av det store perspektivet, forankringen, retningen, m\u00e5let, roen, gleden, balansen, d\u00f8mmekraften, t\u00e5lmodigheten, nestekj\u00e6rligheten?<!--more--><\/p>\n<p>N\u00f8kkelen ligger i \u00e5 finne balansen mellom \u00e5 gi og \u00e5 motta, mellom aksjon og kontemplasjon. I et av sommerens innlegg, <a href=\"http:\/\/www.opdacia.org\/?p=722#more-722\"><em>Den n\u00f8dvendige roen<\/em><\/a>, leste vi: \u00a0&#8220;(Jesus)\u00a0levde i en rytmisk veksling mellom aktivitet og tilbaketrukkenhet. Stadig h\u00f8rer vi at han trakk seg unna folkemengden for \u00e5 be. Har vi st\u00f8rre og viktigere oppgaver enn han hadde? Gud venter t\u00e5lmodig p\u00e5 at vi skal slippe taket, v\u00e6re tause og la stillheten skylle gjennom bevisstheten som b\u00f8lger av krystallklart vann.&#8221;<\/p>\n<p>I dominikanerordenen legges det stor vekt p\u00e5 denne balansen mellom aktivt liv og kontemplasjon. Og det er kontemplasjonen som skal v\u00e6re utgangspunktet, alle v\u00e5re aktiviteter skal springe ut av den.<\/p>\n<p>Katarina av Siena, som midt i et sv\u00e6rt aktivt liv alltid kunne s\u00f8ke inn i sin &#8220;indre celle&#8221;, har gitt oss et godt bilde. I &#8220;Dialogen&#8221; (nr. 64) sier hun:<\/p>\n<p><em>It is just like a vessel you fill at the fountain. If you take it out of the fountain to drink, it is soon empty. But if you hold your vessel in the fountain as you drink, it will always be full.<\/em><\/p>\n<p>Med dette avslutter vi serien om hvile og fortsetter fra neste uke med refleksjoner over kommende s\u00f8ndags tekster.<\/p>\n<p>GOD H\u00d8ST!<\/p>\n<p><em>OPDACIA-redaksjonen ved\u00a0\u00c5se Sofie Skjerdal, legdominikanerfraterniteten i Oslo \u00a0<\/em><\/p>\n<p><a href=\"http:\/\/dacia.katolsk.no\/wp-content\/uploads\/2013\/08\/\u00c5se.jpg\"><img loading=\"lazy\" decoding=\"async\" class=\"alignleft size-medium wp-image-825\" alt=\"\u00c5se\" src=\"http:\/\/dacia.katolsk.no\/wp-content\/uploads\/2013\/08\/\u00c5se-300x150.jpg\" width=\"300\" height=\"150\" srcset=\"https:\/\/www.opdacia.org\/wp-content\/uploads\/2013\/08\/\u00c5se-300x150.jpg 300w, https:\/\/www.opdacia.org\/wp-content\/uploads\/2013\/08\/\u00c5se.jpg 450w\" sizes=\"auto, (max-width: 300px) 100vw, 300px\" \/><\/a><\/p>\n","protected":false},"excerpt":{"rendered":"<p>Hvile har v\u00e6rt sommerens hovedtema her p\u00e5 OPDACIA.org-sidene. I\u00a0en serie innlegg har vi blitt minnet om hvor viktig det er \u00e5 g\u00e5 til kildene, s\u00f8ke stillheten og finne ny styrke gjennom b\u00f8nnen og kontemplasjonen. Feriedagene har v\u00e6rt en tid der &hellip; <a href=\"https:\/\/www.opdacia.org\/?p=809\">Les videre <span class=\"meta-nav\">&rarr;<\/span><\/a><\/p>\n","protected":false},"author":3,"featured_media":0,"comment_status":"open","ping_status":"open","sticky":false,"template":"","format":"standard","meta":{"footnotes":"","_links_to":"","_links_to_target":""},"categories":[6],"tags":[],"class_list":["post-809","post","type-post","status-publish","format-standard","hentry","category-artikler"],"_links":{"self":[{"href":"https:\/\/www.opdacia.org\/index.php?rest_route=\/wp\/v2\/posts\/809","targetHints":{"allow":["GET"]}}],"collection":[{"href":"https:\/\/www.opdacia.org\/index.php?rest_route=\/wp\/v2\/posts"}],"about":[{"href":"https:\/\/www.opdacia.org\/index.php?rest_route=\/wp\/v2\/types\/post"}],"author":[{"embeddable":true,"href":"https:\/\/www.opdacia.org\/index.php?rest_route=\/wp\/v2\/users\/3"}],"replies":[{"embeddable":true,"href":"https:\/\/www.opdacia.org\/index.php?rest_route=%2Fwp%2Fv2%2Fcomments&post=809"}],"version-history":[{"count":16,"href":"https:\/\/www.opdacia.org\/index.php?rest_route=\/wp\/v2\/posts\/809\/revisions"}],"predecessor-version":[{"id":824,"href":"https:\/\/www.opdacia.org\/index.php?rest_route=\/wp\/v2\/posts\/809\/revisions\/824"}],"wp:attachment":[{"href":"https:\/\/www.opdacia.org\/index.php?rest_route=%2Fwp%2Fv2%2Fmedia&parent=809"}],"wp:term":[{"taxonomy":"category","embeddable":true,"href":"https:\/\/www.opdacia.org\/index.php?rest_route=%2Fwp%2Fv2%2Fcategories&post=809"},{"taxonomy":"post_tag","embeddable":true,"href":"https:\/\/www.opdacia.org\/index.php?rest_route=%2Fwp%2Fv2%2Ftags&post=809"}],"curies":[{"name":"wp","href":"https:\/\/api.w.org\/{rel}","templated":true}]}}